{"id":74883,"date":"2025-04-15T14:59:16","date_gmt":"2025-04-15T14:59:16","guid":{"rendered":"https:\/\/elterritorialweb.com.ar\/web\/?p=74883"},"modified":"2025-04-15T14:59:21","modified_gmt":"2025-04-15T14:59:21","slug":"el-jefe-de-gabinete-inauguro-un-destacamento-policial-en-san-gregorio","status":"publish","type":"post","link":"https:\/\/elterritorialweb.com.ar\/web\/el-jefe-de-gabinete-inauguro-un-destacamento-policial-en-san-gregorio\/","title":{"rendered":"EL JEFE DE GABINETE INAUGUR\u00d3 UN DESTACAMENTO POLICIAL EN SAN GREGORIO"},"content":{"rendered":"\n<p>Tambi\u00e9n fueron parte del acto el ministro de Gobierno, Seguridad y Culto, <strong>Marcelo Barbur<\/strong>; el subsecretario de Gobierno, <strong>Facundo Funes<\/strong>; el jefe de Polic\u00eda, <strong>Daniel Loto;<\/strong> el jefe de la Departamental N\u00b0 9, <strong>Juan Orieta<\/strong>; la diputada nacional <strong>Estela Neder<\/strong>; el intendente de Loreto, <strong>Ram\u00f3n Gonz\u00e1lez<\/strong> y comisionados municipales de la zona.<\/p>\n\n\n\n<p>En esta oportunidad tambi\u00e9n se hizo entrega al personal de esta dependencia de una motocicleta para patrullaje.<\/p>\n\n\n\n<p>El edificio cuenta con recepci\u00f3n, despacho, \u00e1rea administrativa, cocina, comedor, celda y sanitarios.<\/p>\n\n\n\n<figure class=\"wp-block-image size-large\"><a href=\"https:\/\/i0.wp.com\/elterritorialweb.com.ar\/web\/wp-content\/uploads\/2025\/04\/IMG-20250415-WA0005.jpg\"><img data-recalc-dims=\"1\" decoding=\"async\" width=\"640\" height=\"427\" data-src=\"https:\/\/i0.wp.com\/elterritorialweb.com.ar\/web\/wp-content\/uploads\/2025\/04\/IMG-20250415-WA0005.jpg?resize=640%2C427\" alt=\"\" class=\"wp-image-74885 lazyload\" data-srcset=\"https:\/\/i0.wp.com\/elterritorialweb.com.ar\/web\/wp-content\/uploads\/2025\/04\/IMG-20250415-WA0005.jpg?resize=1024%2C683&amp;ssl=1 1024w, https:\/\/i0.wp.com\/elterritorialweb.com.ar\/web\/wp-content\/uploads\/2025\/04\/IMG-20250415-WA0005.jpg?resize=300%2C200&amp;ssl=1 300w, https:\/\/i0.wp.com\/elterritorialweb.com.ar\/web\/wp-content\/uploads\/2025\/04\/IMG-20250415-WA0005.jpg?resize=768%2C512&amp;ssl=1 768w, https:\/\/i0.wp.com\/elterritorialweb.com.ar\/web\/wp-content\/uploads\/2025\/04\/IMG-20250415-WA0005.jpg?resize=1536%2C1024&amp;ssl=1 1536w, https:\/\/i0.wp.com\/elterritorialweb.com.ar\/web\/wp-content\/uploads\/2025\/04\/IMG-20250415-WA0005.jpg?w=1620&amp;ssl=1 1620w, https:\/\/i0.wp.com\/elterritorialweb.com.ar\/web\/wp-content\/uploads\/2025\/04\/IMG-20250415-WA0005.jpg?w=1280 1280w\" data-sizes=\"(max-width: 640px) 100vw, 640px\" src=\"data:image\/svg+xml;base64,PHN2ZyB3aWR0aD0iMSIgaGVpZ2h0PSIxIiB4bWxucz0iaHR0cDovL3d3dy53My5vcmcvMjAwMC9zdmciPjwvc3ZnPg==\" style=\"--smush-placeholder-width: 640px; --smush-placeholder-aspect-ratio: 640\/427;\" \/><\/a><\/figure>\n\n\n\n<p>Tras la bendici\u00f3n del sacerdote Luis Cruz, el <strong>ministro Barbur<\/strong> expres\u00f3 su satisfacci\u00f3n por la apertura de un nuevo destacamento policial, obra que forma parte de un extenso plan de infraestructura provincial, tanto en materia de seguridad, como tambi\u00e9n en la red de servicios de salud y edificios educativos, especialmente en el interior.<\/p>\n\n\n\n<p>A su turno, el <strong>jefe de Gabinete<\/strong> transmiti\u00f3 a la comunidad de San Gregorio los saludos del <strong>gobernador Zamora<\/strong> y resalt\u00f3 la necesidad de seguir invirtiendo en obras que representan el crecimiento de todas las comunidades que cuentan con m\u00e1s y mejores servicios.<\/p>\n\n\n\n<p>Remarc\u00f3 que, en un contexto de dif\u00edcil situaci\u00f3n econ\u00f3mica a nivel nacional, en Santiago del Estero esto es posible gracias al manejo responsable de los recursos.<\/p>\n\n\n\n<figure class=\"wp-block-image size-large\"><a href=\"https:\/\/i0.wp.com\/elterritorialweb.com.ar\/web\/wp-content\/uploads\/2025\/04\/IMG-20250415-WA0004.jpg\"><img data-recalc-dims=\"1\" decoding=\"async\" width=\"640\" height=\"427\" data-src=\"https:\/\/i0.wp.com\/elterritorialweb.com.ar\/web\/wp-content\/uploads\/2025\/04\/IMG-20250415-WA0004.jpg?resize=640%2C427\" alt=\"\" class=\"wp-image-74886 lazyload\" data-srcset=\"https:\/\/i0.wp.com\/elterritorialweb.com.ar\/web\/wp-content\/uploads\/2025\/04\/IMG-20250415-WA0004.jpg?resize=1024%2C683&amp;ssl=1 1024w, https:\/\/i0.wp.com\/elterritorialweb.com.ar\/web\/wp-content\/uploads\/2025\/04\/IMG-20250415-WA0004.jpg?resize=300%2C200&amp;ssl=1 300w, https:\/\/i0.wp.com\/elterritorialweb.com.ar\/web\/wp-content\/uploads\/2025\/04\/IMG-20250415-WA0004.jpg?resize=768%2C512&amp;ssl=1 768w, https:\/\/i0.wp.com\/elterritorialweb.com.ar\/web\/wp-content\/uploads\/2025\/04\/IMG-20250415-WA0004.jpg?resize=1536%2C1024&amp;ssl=1 1536w, https:\/\/i0.wp.com\/elterritorialweb.com.ar\/web\/wp-content\/uploads\/2025\/04\/IMG-20250415-WA0004.jpg?w=1620&amp;ssl=1 1620w, https:\/\/i0.wp.com\/elterritorialweb.com.ar\/web\/wp-content\/uploads\/2025\/04\/IMG-20250415-WA0004.jpg?w=1280 1280w\" data-sizes=\"(max-width: 640px) 100vw, 640px\" src=\"data:image\/svg+xml;base64,PHN2ZyB3aWR0aD0iMSIgaGVpZ2h0PSIxIiB4bWxucz0iaHR0cDovL3d3dy53My5vcmcvMjAwMC9zdmciPjwvc3ZnPg==\" style=\"--smush-placeholder-width: 640px; --smush-placeholder-aspect-ratio: 640\/427;\" \/><\/a><\/figure>\n\n\n\n<p><em>\u00abVenimos gestionando a lo largo de estos a\u00f1os con un programa que tiene como finalidad mejorar la seguridad a trav\u00e9s de los destacamentos policiales en el interior; tambi\u00e9n seguimos avanzando en la construcci\u00f3n y remodelaci\u00f3n de escuelas a lo largo y a lo ancho de nuestra provincia. Adem\u00e1s, se inauguran postas sanitarias y hospitales de tr\u00e1nsito hasta en los parajes m\u00e1s rec\u00f3nditos de Santiago del Estero. Eso hace que nuestra provincia crezca y se plantee un futuro m\u00e1s pr\u00f3spero\u00bb,<\/em> se\u00f1al\u00f3.<\/p>\n\n\n\n<p><em>\u00abA pesar de la dif\u00edcil situaci\u00f3n que nos toca vivir, debemos redoblar los esfuerzos y eso es posible por gestionar un presupuesto ordenado, un presupuesto que no es deficitario y que podemos invertir para mejorar la calidad de vida de la gente. Por eso hoy es un d\u00eda de trabajo pero tambi\u00e9n debemos hacer un alto para reconocer los pasos que vamos dando hacia adelante y por esa raz\u00f3n debemos estar contentos, satisfechos los santiague\u00f1os, porque as\u00ed construimos nuestra identidad como provincia\u00bb,<\/em> expres\u00f3 Su\u00e1rez.<\/p>\n\n\n\n<p><\/p>\n","protected":false},"excerpt":{"rendered":"<p>Como parte del programa de fortalecimiento del sistema de seguridad que impulsa el gobernador Gerardo Zamora para todo el territorio provincial, el jefe de Gabinete de Ministros, El\u00edas Su\u00e1rez, encabez\u00f3 este martes la inauguraci\u00f3n del edificio del Destacamento Policial N\u00b0 13 en San Gregorio, departamento Loreto, dependiente del Departamento de Seguridad Ciudadana N\u00b0 9., expres\u00f3 Su\u00e1rez.<\/p>\n","protected":false},"author":2,"featured_media":74884,"comment_status":"open","ping_status":"open","sticky":false,"template":"","format":"standard","meta":{"om_disable_all_campaigns":false,"_monsterinsights_skip_tracking":false,"_monsterinsights_sitenote_active":false,"_monsterinsights_sitenote_note":"","_monsterinsights_sitenote_category":0,"_uf_show_specific_survey":0,"_uf_disable_surveys":false,"jetpack_post_was_ever_published":false,"_jetpack_newsletter_access":"","_jetpack_dont_email_post_to_subs":false,"_jetpack_newsletter_tier_id":0,"_jetpack_memberships_contains_paywalled_content":false,"_jetpack_memberships_contains_paid_content":false,"footnotes":"","jetpack_publicize_message":"","jetpack_publicize_feature_enabled":true,"jetpack_social_post_already_shared":false,"jetpack_social_options":{"image_generator_settings":{"template":"highway","enabled":false},"version":2}},"categories":[4,21],"tags":[1270,322],"class_list":["post-74883","post","type-post","status-publish","format-standard","has-post-thumbnail","hentry","category-destacadas","category-locales","tag-destacamento-policial","tag-elias-suarez"],"aioseo_notices":[],"views":18,"jetpack_publicize_connections":[],"jetpack_featured_media_url":"https:\/\/i0.wp.com\/elterritorialweb.com.ar\/web\/wp-content\/uploads\/2025\/04\/IMG-20250415-WA0003.jpg?fit=1620%2C1080&ssl=1","jetpack_sharing_enabled":true,"_links":{"self":[{"href":"https:\/\/elterritorialweb.com.ar\/web\/wp-json\/wp\/v2\/posts\/74883","targetHints":{"allow":["GET"]}}],"collection":[{"href":"https:\/\/elterritorialweb.com.ar\/web\/wp-json\/wp\/v2\/posts"}],"about":[{"href":"https:\/\/elterritorialweb.com.ar\/web\/wp-json\/wp\/v2\/types\/post"}],"author":[{"embeddable":true,"href":"https:\/\/elterritorialweb.com.ar\/web\/wp-json\/wp\/v2\/users\/2"}],"replies":[{"embeddable":true,"href":"https:\/\/elterritorialweb.com.ar\/web\/wp-json\/wp\/v2\/comments?post=74883"}],"version-history":[{"count":2,"href":"https:\/\/elterritorialweb.com.ar\/web\/wp-json\/wp\/v2\/posts\/74883\/revisions"}],"predecessor-version":[{"id":74888,"href":"https:\/\/elterritorialweb.com.ar\/web\/wp-json\/wp\/v2\/posts\/74883\/revisions\/74888"}],"wp:featuredmedia":[{"embeddable":true,"href":"https:\/\/elterritorialweb.com.ar\/web\/wp-json\/wp\/v2\/media\/74884"}],"wp:attachment":[{"href":"https:\/\/elterritorialweb.com.ar\/web\/wp-json\/wp\/v2\/media?parent=74883"}],"wp:term":[{"taxonomy":"category","embeddable":true,"href":"https:\/\/elterritorialweb.com.ar\/web\/wp-json\/wp\/v2\/categories?post=74883"},{"taxonomy":"post_tag","embeddable":true,"href":"https:\/\/elterritorialweb.com.ar\/web\/wp-json\/wp\/v2\/tags?post=74883"}],"curies":[{"name":"wp","href":"https:\/\/api.w.org\/{rel}","templated":true}]}}