{"id":74889,"date":"2025-04-15T18:15:21","date_gmt":"2025-04-15T18:15:21","guid":{"rendered":"https:\/\/elterritorialweb.com.ar\/web\/?p=74889"},"modified":"2025-04-15T18:15:23","modified_gmt":"2025-04-15T18:15:23","slug":"nediani-participo-del-58-aniversario-del-jardin-municipal-n1","status":"publish","type":"post","link":"https:\/\/elterritorialweb.com.ar\/web\/nediani-participo-del-58-aniversario-del-jardin-municipal-n1\/","title":{"rendered":"NEDIANI PARTICIP\u00d3 DEL 58\u00b0 ANIVERSARIO DEL JARD\u00cdN MUNICIPAL N\u00b01"},"content":{"rendered":"\n<p>Durante el festejo, <strong>Nediani<\/strong> destac\u00f3 la importancia hist\u00f3rica y educativa de esta instituci\u00f3n pionera en la ciudad, que actualmente alberga a m\u00e1s de 140 ni\u00f1os y ni\u00f1as que asisten diariamente a recibir una formaci\u00f3n integral e inclusiva.<\/p>\n\n\n\n<p><em>\u201cHoy es un d\u00eda muy especial, de celebraci\u00f3n para toda la comunidad educativa del jard\u00edn. Estamos felices por el acompa\u00f1amiento de las familias, los docentes y todo el equipo del establecimiento\u201d<\/em>, expres\u00f3 Nediani. <\/p>\n\n\n\n<p>Adem\u00e1s, resalt\u00f3 el esfuerzo colectivo de padres y cooperadoras, quienes junto al municipio hicieron posible la mejora de un nuevo ingreso, mejorando la seguridad y accesibilidad del edificio.<\/p>\n\n\n\n<p>Asimismo, se habilit\u00f3 una nueva sala climatizada, que funciona como espacio de usos m\u00faltiples, destinada a realizar diversas actividades educativas y recreativas.<\/p>\n\n\n\n<p><strong>Nediani<\/strong> subray\u00f3 el compromiso de su gesti\u00f3n con la educaci\u00f3n: <em>\u201cNuestro objetivo es garantizar un acceso igualitario y de calidad a la educaci\u00f3n desde los primeros a\u00f1os, fortaleciendo espacios como este jard\u00edn, que d\u00eda a d\u00eda brinda contenci\u00f3n, aprendizaje y valores a nuestros ni\u00f1os\u201d.<\/em><\/p>\n\n\n\n<p>Finalmente, el intendente agradeci\u00f3 el presente recibido, del mismo modo felicit\u00f3 por la dedicaci\u00f3n y el acompa\u00f1amiento brindado por parte de toda la comunidad educativa, y reafirm\u00f3 su compromiso de seguir invirtiendo en infraestructura y recursos para los jardines municipales.<\/p>\n\n\n\n<p>En la oportunidad, el jefe comunal estuvo acompa\u00f1ado por el viceintendente <strong>Gabriel Santill\u00e1n<\/strong>; el <strong>concejal Montenegro<\/strong>; la subsecretaria de Educaci\u00f3n y Cultura, <strong>Alejandra Far\u00edas;<\/strong> la subsecretaria de Seguridad y ordenamiento Urbano, <strong>Carolina Montenegro<\/strong>, la directora del jard\u00edn, <strong>Sandra Ju\u00e1rez<\/strong>, funcionarios y autoridades del ejecutivo municipal, cuerpo directivo y docente, alumnos y padres.<\/p>\n","protected":false},"excerpt":{"rendered":"<p>El intendente de la ciudad de La Banda, Ing. Roger E. Nediani, particip\u00f3 este viernes de una emotiva jornada en el Jard\u00edn de Infantes Municipal N\u00b0 1, ubicado en el barrio San Mart\u00edn, en el marco del 58\u00b0 aniversario de su fundaci\u00f3n.<\/p>\n","protected":false},"author":2,"featured_media":74890,"comment_status":"open","ping_status":"open","sticky":false,"template":"","format":"standard","meta":{"om_disable_all_campaigns":false,"_monsterinsights_skip_tracking":false,"_monsterinsights_sitenote_active":false,"_monsterinsights_sitenote_note":"","_monsterinsights_sitenote_category":0,"_uf_show_specific_survey":0,"_uf_disable_surveys":false,"jetpack_post_was_ever_published":false,"_jetpack_newsletter_access":"","_jetpack_dont_email_post_to_subs":false,"_jetpack_newsletter_tier_id":0,"_jetpack_memberships_contains_paywalled_content":false,"_jetpack_memberships_contains_paid_content":false,"footnotes":"","jetpack_publicize_message":"","jetpack_publicize_feature_enabled":true,"jetpack_social_post_already_shared":false,"jetpack_social_options":{"image_generator_settings":{"template":"highway","enabled":false},"version":2}},"categories":[9,4],"tags":[1276,71,51],"class_list":["post-74889","post","type-post","status-publish","format-standard","has-post-thumbnail","hentry","category-banda","category-destacadas","tag-jardin-municipal-n1","tag-municipalidad-de-la-banda","tag-roger-nediani"],"aioseo_notices":[],"views":17,"jetpack_publicize_connections":[],"jetpack_featured_media_url":"https:\/\/i0.wp.com\/elterritorialweb.com.ar\/web\/wp-content\/uploads\/2025\/04\/IMG-20250415-WA0010.jpg?fit=1600%2C1057&ssl=1","jetpack_sharing_enabled":true,"_links":{"self":[{"href":"https:\/\/elterritorialweb.com.ar\/web\/wp-json\/wp\/v2\/posts\/74889","targetHints":{"allow":["GET"]}}],"collection":[{"href":"https:\/\/elterritorialweb.com.ar\/web\/wp-json\/wp\/v2\/posts"}],"about":[{"href":"https:\/\/elterritorialweb.com.ar\/web\/wp-json\/wp\/v2\/types\/post"}],"author":[{"embeddable":true,"href":"https:\/\/elterritorialweb.com.ar\/web\/wp-json\/wp\/v2\/users\/2"}],"replies":[{"embeddable":true,"href":"https:\/\/elterritorialweb.com.ar\/web\/wp-json\/wp\/v2\/comments?post=74889"}],"version-history":[{"count":2,"href":"https:\/\/elterritorialweb.com.ar\/web\/wp-json\/wp\/v2\/posts\/74889\/revisions"}],"predecessor-version":[{"id":74892,"href":"https:\/\/elterritorialweb.com.ar\/web\/wp-json\/wp\/v2\/posts\/74889\/revisions\/74892"}],"wp:featuredmedia":[{"embeddable":true,"href":"https:\/\/elterritorialweb.com.ar\/web\/wp-json\/wp\/v2\/media\/74890"}],"wp:attachment":[{"href":"https:\/\/elterritorialweb.com.ar\/web\/wp-json\/wp\/v2\/media?parent=74889"}],"wp:term":[{"taxonomy":"category","embeddable":true,"href":"https:\/\/elterritorialweb.com.ar\/web\/wp-json\/wp\/v2\/categories?post=74889"},{"taxonomy":"post_tag","embeddable":true,"href":"https:\/\/elterritorialweb.com.ar\/web\/wp-json\/wp\/v2\/tags?post=74889"}],"curies":[{"name":"wp","href":"https:\/\/api.w.org\/{rel}","templated":true}]}}