{"id":74904,"date":"2025-04-16T00:10:00","date_gmt":"2025-04-16T00:10:00","guid":{"rendered":"https:\/\/elterritorialweb.com.ar\/web\/?p=74904"},"modified":"2025-04-16T00:10:03","modified_gmt":"2025-04-16T00:10:03","slug":"zamora-recibio-a-alena-en-casa-de-gobierno","status":"publish","type":"post","link":"https:\/\/elterritorialweb.com.ar\/web\/zamora-recibio-a-alena-en-casa-de-gobierno\/","title":{"rendered":"ZAMORA RECIBI\u00d3 A ALE\u00d1\u00c1 EN CASA DE GOBIERNO"},"content":{"rendered":"\n<p>El gobernador\u00a0<strong>Gerardo Zamora<\/strong>\u00a0y el jefe de Gabinete de Ministros\u00a0<strong>El\u00edas Su\u00e1rez<\/strong>, recibieron la visita protocolar de la secretaria general del Sindicato de Trabajadores Viales y Afines de la Rep\u00fablica Argentina,\u00a0, quien estuvo acompa\u00f1ada por el secretario general de la CGT local,<strong>\u00a0Jos\u00e9 G\u00f3mez<\/strong>.<\/p>\n\n\n\n<p>El encuentro se llev\u00f3 a cabo en el Sal\u00f3n de Acuerdos, donde tambi\u00e9n estuvieron la secretaria adjunta 1\u00b0 del gremio vial Departamento Buenos Aires,\u00a0<strong>Andrea Landgra<\/strong>f; la pro secretaria administrativa,\u00a0<strong>Mariana Gonz\u00e1le<\/strong>z y los representantes locales,\u00a0<strong>Sebasti\u00e1n Freytes<\/strong>, secretario general de la Seccional Santiago del Estero, y\u00a0<strong>Ram\u00f3n del Valle Quiroga<\/strong>, secretario adjunto.<\/p>\n\n\n\n<figure class=\"wp-block-image size-large\"><a href=\"https:\/\/i0.wp.com\/elterritorialweb.com.ar\/web\/wp-content\/uploads\/2025\/04\/174476208387021470681316455296.jpg?ssl=1\"><img data-recalc-dims=\"1\" decoding=\"async\" width=\"640\" height=\"425\" data-src=\"https:\/\/i0.wp.com\/elterritorialweb.com.ar\/web\/wp-content\/uploads\/2025\/04\/174476208387021470681316455296-1024x680.jpg?resize=640%2C425&#038;ssl=1\" alt=\"\" class=\"wp-image-74906 lazyload\" data-srcset=\"https:\/\/i0.wp.com\/elterritorialweb.com.ar\/web\/wp-content\/uploads\/2025\/04\/174476208387021470681316455296.jpg?resize=1024%2C680&amp;ssl=1 1024w, https:\/\/i0.wp.com\/elterritorialweb.com.ar\/web\/wp-content\/uploads\/2025\/04\/174476208387021470681316455296.jpg?resize=300%2C199&amp;ssl=1 300w, https:\/\/i0.wp.com\/elterritorialweb.com.ar\/web\/wp-content\/uploads\/2025\/04\/174476208387021470681316455296.jpg?resize=768%2C510&amp;ssl=1 768w, https:\/\/i0.wp.com\/elterritorialweb.com.ar\/web\/wp-content\/uploads\/2025\/04\/174476208387021470681316455296.jpg?w=1536&amp;ssl=1 1536w, https:\/\/i0.wp.com\/elterritorialweb.com.ar\/web\/wp-content\/uploads\/2025\/04\/174476208387021470681316455296.jpg?w=1280 1280w\" data-sizes=\"(max-width: 640px) 100vw, 640px\" src=\"data:image\/svg+xml;base64,PHN2ZyB3aWR0aD0iMSIgaGVpZ2h0PSIxIiB4bWxucz0iaHR0cDovL3d3dy53My5vcmcvMjAwMC9zdmciPjwvc3ZnPg==\" style=\"--smush-placeholder-width: 640px; --smush-placeholder-aspect-ratio: 640\/425;\" \/><\/a><\/figure>\n\n\n\n<p>Durante el encuentro,\u00a0<strong>Ale\u00f1\u00e1 expres\u00f3 su preocupaci\u00f3n por las medidas nacionales que afectan a esta repartici<\/strong>\u00f3n.<\/p>\n","protected":false},"excerpt":{"rendered":"<p>El encuentro tuvo lugar en el Sal\u00f3n de Acuerdos \u00abJuan Felipe Ibarra\u00bb de casa de gobierno<\/p>\n","protected":false},"author":2,"featured_media":74905,"comment_status":"open","ping_status":"open","sticky":false,"template":"","format":"standard","meta":{"om_disable_all_campaigns":false,"_monsterinsights_skip_tracking":false,"_monsterinsights_sitenote_active":false,"_monsterinsights_sitenote_note":"","_monsterinsights_sitenote_category":0,"_uf_show_specific_survey":0,"_uf_disable_surveys":false,"jetpack_post_was_ever_published":false,"_jetpack_newsletter_access":"","_jetpack_dont_email_post_to_subs":false,"_jetpack_newsletter_tier_id":0,"_jetpack_memberships_contains_paywalled_content":false,"_jetpack_memberships_contains_paid_content":false,"footnotes":"","jetpack_publicize_message":"","jetpack_publicize_feature_enabled":true,"jetpack_social_post_already_shared":false,"jetpack_social_options":{"image_generator_settings":{"template":"highway","enabled":false},"version":2}},"categories":[4,21],"tags":[1279,202,59,49],"class_list":["post-74904","post","type-post","status-publish","format-standard","has-post-thumbnail","hentry","category-destacadas","category-locales","tag-ana-maria-graciela-alena","tag-casa-de-gobierno","tag-gerardo-zamora","tag-gobierno-de-santiago-del-estero"],"aioseo_notices":[],"views":15,"jetpack_publicize_connections":[],"jetpack_featured_media_url":"https:\/\/i0.wp.com\/elterritorialweb.com.ar\/web\/wp-content\/uploads\/2025\/04\/vialidad-nacional2.jpg?fit=2048%2C1242&ssl=1","jetpack_sharing_enabled":true,"_links":{"self":[{"href":"https:\/\/elterritorialweb.com.ar\/web\/wp-json\/wp\/v2\/posts\/74904","targetHints":{"allow":["GET"]}}],"collection":[{"href":"https:\/\/elterritorialweb.com.ar\/web\/wp-json\/wp\/v2\/posts"}],"about":[{"href":"https:\/\/elterritorialweb.com.ar\/web\/wp-json\/wp\/v2\/types\/post"}],"author":[{"embeddable":true,"href":"https:\/\/elterritorialweb.com.ar\/web\/wp-json\/wp\/v2\/users\/2"}],"replies":[{"embeddable":true,"href":"https:\/\/elterritorialweb.com.ar\/web\/wp-json\/wp\/v2\/comments?post=74904"}],"version-history":[{"count":2,"href":"https:\/\/elterritorialweb.com.ar\/web\/wp-json\/wp\/v2\/posts\/74904\/revisions"}],"predecessor-version":[{"id":74908,"href":"https:\/\/elterritorialweb.com.ar\/web\/wp-json\/wp\/v2\/posts\/74904\/revisions\/74908"}],"wp:featuredmedia":[{"embeddable":true,"href":"https:\/\/elterritorialweb.com.ar\/web\/wp-json\/wp\/v2\/media\/74905"}],"wp:attachment":[{"href":"https:\/\/elterritorialweb.com.ar\/web\/wp-json\/wp\/v2\/media?parent=74904"}],"wp:term":[{"taxonomy":"category","embeddable":true,"href":"https:\/\/elterritorialweb.com.ar\/web\/wp-json\/wp\/v2\/categories?post=74904"},{"taxonomy":"post_tag","embeddable":true,"href":"https:\/\/elterritorialweb.com.ar\/web\/wp-json\/wp\/v2\/tags?post=74904"}],"curies":[{"name":"wp","href":"https:\/\/api.w.org\/{rel}","templated":true}]}}