{"id":74909,"date":"2025-04-16T00:14:38","date_gmt":"2025-04-16T00:14:38","guid":{"rendered":"https:\/\/elterritorialweb.com.ar\/web\/?p=74909"},"modified":"2025-04-16T00:14:41","modified_gmt":"2025-04-16T00:14:41","slug":"el-gobernador-zamora-brindara-su-mensaje-anual-el-27-de-abril","status":"publish","type":"post","link":"https:\/\/elterritorialweb.com.ar\/web\/el-gobernador-zamora-brindara-su-mensaje-anual-el-27-de-abril\/","title":{"rendered":"EL GOBERNADOR ZAMORA BRINDAR\u00c1 SU MENSAJE ANUAL EL 27 DE ABRIL"},"content":{"rendered":"\n<p>El gobernador de la provincia, Dr. Gerardo Zamo<strong>ra, pronunciar\u00e1 su mensaje anual ante la Honorable C\u00e1mara de Diputados el pr\u00f3ximo 27 de abril<\/strong>, en el marco de la conmemoraci\u00f3n del&nbsp;<strong>D\u00eda de la Autonom\u00eda Provincial<\/strong>.&nbsp;<strong>La sesi\u00f3n ser\u00e1 conducida por el vicegobernador y presidente natural del Poder Legislativo, Dr. Carlos Silva Neder<\/strong>.<\/p>\n\n\n\n<p>Durante la sesi\u00f3n ordinaria celebrada este martes,<strong>&nbsp;<\/strong>tom\u00f3 estado parlamentario la&nbsp;<strong>nota enviada por el Poder Ejecutivo, firmada por el gobernador Zamora<\/strong>, en la que se informa que, \u201cen el uso de las facultades conferidas por el art\u00edculo 160\u00b0, inciso 7\u00b0, de la Constituci\u00f3n Provincial\u201d,&nbsp;<strong>presentar\u00e1 su informe anual sobre el estado general de la provincia.<\/strong><\/p>\n\n\n\n<p>En ese mismo encuentro legislativo, la C\u00e1mara de Diputados&nbsp;<strong>declar\u00f3 de inter\u00e9s provincial, social y legislativo<\/strong>&nbsp;los actos conmemorativos por el&nbsp;<strong>205\u00b0 aniversario de la Declaraci\u00f3n de la Autonom\u00eda Provincial<\/strong>, destacando su valor hist\u00f3rico y simb\u00f3lico.<\/p>\n\n\n\n<p>Al fundamentar la iniciativa, los legisladores subrayaron que la Autonom\u00eda Provincial, proclamada el 27 de abril de 1820, \u201cmarc\u00f3 el inicio de una etapa crucial en la construcci\u00f3n del federalismo argentino\u201d, y resaltaron que se trata de un&nbsp;<strong>hito fundacional en la historia de Santiago del Estero y de la Rep\u00fablica Argentina<\/strong>, que sent\u00f3 las bases para el desarrollo pol\u00edtico, social y econ\u00f3mico de la provincia como territorio libre y soberano.<\/p>\n","protected":false},"excerpt":{"rendered":"<p>Ser\u00e1 en el marco del\u00a0D\u00eda de la Autonom\u00eda Provincial, en una sesi\u00f3n especial que se desarrollar\u00e1 con motivo del\u00a0205\u00b0 aniversario de este hecho hist\u00f3rico. La C\u00e1mara de Diputados declar\u00f3 de inter\u00e9s provincial los actos conmemorativos.<\/p>\n","protected":false},"author":2,"featured_media":65598,"comment_status":"open","ping_status":"open","sticky":false,"template":"","format":"standard","meta":{"om_disable_all_campaigns":false,"_monsterinsights_skip_tracking":false,"_monsterinsights_sitenote_active":false,"_monsterinsights_sitenote_note":"","_monsterinsights_sitenote_category":0,"_uf_show_specific_survey":0,"_uf_disable_surveys":false,"jetpack_post_was_ever_published":false,"_jetpack_newsletter_access":"","_jetpack_dont_email_post_to_subs":false,"_jetpack_newsletter_tier_id":0,"_jetpack_memberships_contains_paywalled_content":false,"_jetpack_memberships_contains_paid_content":false,"footnotes":"","jetpack_publicize_message":"","jetpack_publicize_feature_enabled":true,"jetpack_social_post_already_shared":false,"jetpack_social_options":{"image_generator_settings":{"template":"highway","enabled":false},"version":2}},"categories":[4,21],"tags":[59,1280],"class_list":["post-74909","post","type-post","status-publish","format-standard","has-post-thumbnail","hentry","category-destacadas","category-locales","tag-gerardo-zamora","tag-mensaje-anual"],"aioseo_notices":[],"views":17,"jetpack_publicize_connections":[],"jetpack_featured_media_url":"https:\/\/i0.wp.com\/elterritorialweb.com.ar\/web\/wp-content\/uploads\/2024\/04\/Gerardo-Zamora-768x4322-1.jpg?fit=431%2C311&ssl=1","jetpack_sharing_enabled":true,"_links":{"self":[{"href":"https:\/\/elterritorialweb.com.ar\/web\/wp-json\/wp\/v2\/posts\/74909","targetHints":{"allow":["GET"]}}],"collection":[{"href":"https:\/\/elterritorialweb.com.ar\/web\/wp-json\/wp\/v2\/posts"}],"about":[{"href":"https:\/\/elterritorialweb.com.ar\/web\/wp-json\/wp\/v2\/types\/post"}],"author":[{"embeddable":true,"href":"https:\/\/elterritorialweb.com.ar\/web\/wp-json\/wp\/v2\/users\/2"}],"replies":[{"embeddable":true,"href":"https:\/\/elterritorialweb.com.ar\/web\/wp-json\/wp\/v2\/comments?post=74909"}],"version-history":[{"count":2,"href":"https:\/\/elterritorialweb.com.ar\/web\/wp-json\/wp\/v2\/posts\/74909\/revisions"}],"predecessor-version":[{"id":74911,"href":"https:\/\/elterritorialweb.com.ar\/web\/wp-json\/wp\/v2\/posts\/74909\/revisions\/74911"}],"wp:featuredmedia":[{"embeddable":true,"href":"https:\/\/elterritorialweb.com.ar\/web\/wp-json\/wp\/v2\/media\/65598"}],"wp:attachment":[{"href":"https:\/\/elterritorialweb.com.ar\/web\/wp-json\/wp\/v2\/media?parent=74909"}],"wp:term":[{"taxonomy":"category","embeddable":true,"href":"https:\/\/elterritorialweb.com.ar\/web\/wp-json\/wp\/v2\/categories?post=74909"},{"taxonomy":"post_tag","embeddable":true,"href":"https:\/\/elterritorialweb.com.ar\/web\/wp-json\/wp\/v2\/tags?post=74909"}],"curies":[{"name":"wp","href":"https:\/\/api.w.org\/{rel}","templated":true}]}}