{"id":74916,"date":"2025-04-16T03:09:28","date_gmt":"2025-04-16T03:09:28","guid":{"rendered":"https:\/\/elterritorialweb.com.ar\/web\/?p=74916"},"modified":"2025-04-16T03:15:10","modified_gmt":"2025-04-16T03:15:10","slug":"en-santiago-del-estero-hay-una-nueva-tecnicatura-en-ciencia-de-datos-e-inteligencia-artificial","status":"publish","type":"post","link":"https:\/\/elterritorialweb.com.ar\/web\/en-santiago-del-estero-hay-una-nueva-tecnicatura-en-ciencia-de-datos-e-inteligencia-artificial\/","title":{"rendered":"EN SANTIAGO DEL ESTERO HAY UNA NUEVA TECNICATURA EN CIENCIA DE DATOS E INTELIGENCIA ARTIFICIAL"},"content":{"rendered":"\n<p>El acto fue encabezado por la ministra\u00a0<strong>Mariela Nassif,<\/strong>\u00a0el director del ITSE Ing.\u00a0<strong>Mario Benavente<\/strong>, y los intendentes\u00a0<strong>Alberto Casazola<\/strong>\u00a0(Nueva Esperanza),\u00a0<strong>M\u00f3nica Bustamante<\/strong>\u00a0(Ojo de Agua),\u00a0<strong>Jairo Colaneri<\/strong>\u00a0(Bandera),\u00a0<strong>Fernando<\/strong>\u00a0<strong>Bernasconi<\/strong>\u00a0(Sumampa) y<strong>\u00a0Mario Cantoni<\/strong>\u00a0(Tintina).<\/p>\n\n\n\n<p>Este convenio representa un paso clave hacia la federalizaci\u00f3n de la educaci\u00f3n, marcando una continuaci\u00f3n del trabajo realizado&nbsp;<strong>desde la creaci\u00f3n del Instituto en 2021, por iniciativa del Gobernador<\/strong>&nbsp;<strong>Dr. Gerardo Zamora<\/strong>, para acercar propuestas de formaci\u00f3n tecnol\u00f3gica a j\u00f3venes de la provincia y fortaleciendo el desarrollo territorial.<\/p>\n\n\n\n<figure class=\"wp-block-image size-large\"><a href=\"https:\/\/i0.wp.com\/elterritorialweb.com.ar\/web\/wp-content\/uploads\/2025\/04\/itse-1536x1152-1.jpg\"><img data-recalc-dims=\"1\" decoding=\"async\" width=\"640\" height=\"480\" data-src=\"https:\/\/i0.wp.com\/elterritorialweb.com.ar\/web\/wp-content\/uploads\/2025\/04\/itse-1536x1152-1.jpg?resize=640%2C480\" alt=\"\" class=\"wp-image-74918 lazyload\" data-srcset=\"https:\/\/i0.wp.com\/elterritorialweb.com.ar\/web\/wp-content\/uploads\/2025\/04\/itse-1536x1152-1.jpg?resize=1024%2C768&amp;ssl=1 1024w, https:\/\/i0.wp.com\/elterritorialweb.com.ar\/web\/wp-content\/uploads\/2025\/04\/itse-1536x1152-1.jpg?resize=300%2C225&amp;ssl=1 300w, https:\/\/i0.wp.com\/elterritorialweb.com.ar\/web\/wp-content\/uploads\/2025\/04\/itse-1536x1152-1.jpg?resize=768%2C576&amp;ssl=1 768w, https:\/\/i0.wp.com\/elterritorialweb.com.ar\/web\/wp-content\/uploads\/2025\/04\/itse-1536x1152-1.jpg?w=1536&amp;ssl=1 1536w, https:\/\/i0.wp.com\/elterritorialweb.com.ar\/web\/wp-content\/uploads\/2025\/04\/itse-1536x1152-1.jpg?w=1280 1280w\" data-sizes=\"(max-width: 640px) 100vw, 640px\" src=\"data:image\/svg+xml;base64,PHN2ZyB3aWR0aD0iMSIgaGVpZ2h0PSIxIiB4bWxucz0iaHR0cDovL3d3dy53My5vcmcvMjAwMC9zdmciPjwvc3ZnPg==\" style=\"--smush-placeholder-width: 640px; --smush-placeholder-aspect-ratio: 640\/480;\" \/><\/a><\/figure>\n\n\n\n<p>Al respecto,&nbsp;<strong>la Ministra de Educaci\u00f3n, Mariella Nassif, afirm\u00f3: \u201cPoder llevar estas oportunidades va a significar el crecimiento de las localidades, es el verdadero desarrollo fundado y cimentado de la educaci\u00f3n, que es lo m\u00e1s importante\u201d.<\/strong><\/p>\n","protected":false},"excerpt":{"rendered":"<p>Durante la jornada de este martes se llev\u00f3 a cabo una firma de convenio entre el Ministerio de Educaci\u00f3n, Ciencia y Tecnolog\u00eda de la provincia, en articulaci\u00f3n con el Instituto Tecnol\u00f3gico de Santiago del Estero (ITSE) y los municipios de Bandera, Nueva Esperanza, Tintina, Ojo de Agua y Sumampa para la creaci\u00f3n de la Tecnicatura en Ciencia de Datos e Inteligencia Artificial.<\/p>\n","protected":false},"author":2,"featured_media":74917,"comment_status":"open","ping_status":"open","sticky":false,"template":"","format":"standard","meta":{"om_disable_all_campaigns":false,"_monsterinsights_skip_tracking":false,"_monsterinsights_sitenote_active":false,"_monsterinsights_sitenote_note":"","_monsterinsights_sitenote_category":0,"_uf_show_specific_survey":0,"_uf_disable_surveys":false,"jetpack_post_was_ever_published":false,"_jetpack_newsletter_access":"","_jetpack_dont_email_post_to_subs":false,"_jetpack_newsletter_tier_id":0,"_jetpack_memberships_contains_paywalled_content":false,"_jetpack_memberships_contains_paid_content":false,"footnotes":"","jetpack_publicize_message":"","jetpack_publicize_feature_enabled":true,"jetpack_social_post_already_shared":false,"jetpack_social_options":{"image_generator_settings":{"template":"highway","enabled":false},"version":2}},"categories":[19],"tags":[1167],"class_list":["post-74916","post","type-post","status-publish","format-standard","has-post-thumbnail","hentry","category-educacion","tag-ministerio-de-educacion-ciencia-y-tecnologia"],"aioseo_notices":[],"views":24,"jetpack_publicize_connections":[],"jetpack_featured_media_url":"https:\/\/i0.wp.com\/elterritorialweb.com.ar\/web\/wp-content\/uploads\/2025\/04\/itse1.jpg?fit=1280%2C853&ssl=1","jetpack_sharing_enabled":true,"_links":{"self":[{"href":"https:\/\/elterritorialweb.com.ar\/web\/wp-json\/wp\/v2\/posts\/74916","targetHints":{"allow":["GET"]}}],"collection":[{"href":"https:\/\/elterritorialweb.com.ar\/web\/wp-json\/wp\/v2\/posts"}],"about":[{"href":"https:\/\/elterritorialweb.com.ar\/web\/wp-json\/wp\/v2\/types\/post"}],"author":[{"embeddable":true,"href":"https:\/\/elterritorialweb.com.ar\/web\/wp-json\/wp\/v2\/users\/2"}],"replies":[{"embeddable":true,"href":"https:\/\/elterritorialweb.com.ar\/web\/wp-json\/wp\/v2\/comments?post=74916"}],"version-history":[{"count":3,"href":"https:\/\/elterritorialweb.com.ar\/web\/wp-json\/wp\/v2\/posts\/74916\/revisions"}],"predecessor-version":[{"id":74922,"href":"https:\/\/elterritorialweb.com.ar\/web\/wp-json\/wp\/v2\/posts\/74916\/revisions\/74922"}],"wp:featuredmedia":[{"embeddable":true,"href":"https:\/\/elterritorialweb.com.ar\/web\/wp-json\/wp\/v2\/media\/74917"}],"wp:attachment":[{"href":"https:\/\/elterritorialweb.com.ar\/web\/wp-json\/wp\/v2\/media?parent=74916"}],"wp:term":[{"taxonomy":"category","embeddable":true,"href":"https:\/\/elterritorialweb.com.ar\/web\/wp-json\/wp\/v2\/categories?post=74916"},{"taxonomy":"post_tag","embeddable":true,"href":"https:\/\/elterritorialweb.com.ar\/web\/wp-json\/wp\/v2\/tags?post=74916"}],"curies":[{"name":"wp","href":"https:\/\/api.w.org\/{rel}","templated":true}]}}