{"id":74927,"date":"2025-04-16T12:42:59","date_gmt":"2025-04-16T12:42:59","guid":{"rendered":"https:\/\/elterritorialweb.com.ar\/web\/?p=74927"},"modified":"2025-04-16T12:43:01","modified_gmt":"2025-04-16T12:43:01","slug":"alberto-fernandez-la-madre-de-mi-hijo-es-una-ingrata","status":"publish","type":"post","link":"https:\/\/elterritorialweb.com.ar\/web\/alberto-fernandez-la-madre-de-mi-hijo-es-una-ingrata\/","title":{"rendered":"ALBERTO FERN\u00c1NDEZ: \u00bb LA MADRE DE MI HIJO ES UNA INGRATA\u00bb"},"content":{"rendered":"\n<p>El ex presidente <strong>Alberto Fern\u00e1ndez<\/strong> asegur\u00f3 que la ex primera dama <strong>Fabiola Ya\u00f1ez<\/strong> \u00abes una ingrata\u00bb, a la vez que indic\u00f3 que amigas de ella dijeron que se sacaba fotos \u00abque dijo que despu\u00e9s iba a usar\u00bb.<\/p>\n\n\n\n<p>&nbsp;\u00abLa madre de mi hijo es una ingrata\u00bb, se\u00f1al\u00f3 el ex mandatario en di\u00e1logo con Antonio Fern\u00e1ndez Llorente en el programa Sin corbata que se emite por Radio Splendid.<\/p>\n\n\n\n<p>Adem\u00e1s indic\u00f3: \u00abHay testigos que dicen que Fabiola se sacaba fotos que dec\u00eda que despu\u00e9s las iba a usar. Estoy muy seguro de lo falso que es este tema\u00bb.<\/p>\n\n\n\n<p>&nbsp;En tanto se\u00f1al\u00f3: \u00abHay una pelea en la que no he tenido suerte para que escuchen el pedido de recusaci\u00f3n a Juli\u00e1n Ercolini\u00bb.<\/p>\n\n\n\n<p>La C\u00e1mara Federal porte\u00f1a confirm\u00f3 ayer el procesamiento del ex presidente Alberto Fern\u00e1ndez por violencia de g\u00e9nero hacia la ex primera dama Fabiola Ya\u00f1ez, en una decisi\u00f3n que lo dej\u00f3 en condiciones de ser enviado a juicio oral.<\/p>\n","protected":false},"excerpt":{"rendered":"<p>Adem\u00e1s dijo: \u00abConozco los problemas de salud cr\u00f3nicos que tiene Fabiola. Yo nunca le pegu\u00e9\u00bb. Habl\u00f3 de una \u00abenfermedad psiqui\u00e1trica\u00bb.<\/p>\n","protected":false},"author":2,"featured_media":74928,"comment_status":"open","ping_status":"open","sticky":false,"template":"","format":"standard","meta":{"om_disable_all_campaigns":false,"_monsterinsights_skip_tracking":false,"_monsterinsights_sitenote_active":false,"_monsterinsights_sitenote_note":"","_monsterinsights_sitenote_category":0,"_uf_show_specific_survey":0,"_uf_disable_surveys":false,"jetpack_post_was_ever_published":false,"_jetpack_newsletter_access":"","_jetpack_dont_email_post_to_subs":false,"_jetpack_newsletter_tier_id":0,"_jetpack_memberships_contains_paywalled_content":false,"_jetpack_memberships_contains_paid_content":false,"footnotes":"","jetpack_publicize_message":"","jetpack_publicize_feature_enabled":true,"jetpack_social_post_already_shared":false,"jetpack_social_options":{"image_generator_settings":{"template":"highway","enabled":false},"version":2}},"categories":[4,7],"tags":[88,1020],"class_list":["post-74927","post","type-post","status-publish","format-standard","has-post-thumbnail","hentry","category-destacadas","category-nacionales","tag-alberto-fernandez","tag-fabiola-yanez"],"aioseo_notices":[],"views":18,"jetpack_publicize_connections":[],"jetpack_featured_media_url":"https:\/\/i0.wp.com\/elterritorialweb.com.ar\/web\/wp-content\/uploads\/2025\/04\/a2e40900-54fc-11ef-a5fd-917e9ba89738.jpg.webp?fit=640%2C359&ssl=1","jetpack_sharing_enabled":true,"_links":{"self":[{"href":"https:\/\/elterritorialweb.com.ar\/web\/wp-json\/wp\/v2\/posts\/74927","targetHints":{"allow":["GET"]}}],"collection":[{"href":"https:\/\/elterritorialweb.com.ar\/web\/wp-json\/wp\/v2\/posts"}],"about":[{"href":"https:\/\/elterritorialweb.com.ar\/web\/wp-json\/wp\/v2\/types\/post"}],"author":[{"embeddable":true,"href":"https:\/\/elterritorialweb.com.ar\/web\/wp-json\/wp\/v2\/users\/2"}],"replies":[{"embeddable":true,"href":"https:\/\/elterritorialweb.com.ar\/web\/wp-json\/wp\/v2\/comments?post=74927"}],"version-history":[{"count":2,"href":"https:\/\/elterritorialweb.com.ar\/web\/wp-json\/wp\/v2\/posts\/74927\/revisions"}],"predecessor-version":[{"id":74930,"href":"https:\/\/elterritorialweb.com.ar\/web\/wp-json\/wp\/v2\/posts\/74927\/revisions\/74930"}],"wp:featuredmedia":[{"embeddable":true,"href":"https:\/\/elterritorialweb.com.ar\/web\/wp-json\/wp\/v2\/media\/74928"}],"wp:attachment":[{"href":"https:\/\/elterritorialweb.com.ar\/web\/wp-json\/wp\/v2\/media?parent=74927"}],"wp:term":[{"taxonomy":"category","embeddable":true,"href":"https:\/\/elterritorialweb.com.ar\/web\/wp-json\/wp\/v2\/categories?post=74927"},{"taxonomy":"post_tag","embeddable":true,"href":"https:\/\/elterritorialweb.com.ar\/web\/wp-json\/wp\/v2\/tags?post=74927"}],"curies":[{"name":"wp","href":"https:\/\/api.w.org\/{rel}","templated":true}]}}