{"id":74931,"date":"2025-04-16T13:42:26","date_gmt":"2025-04-16T13:42:26","guid":{"rendered":"https:\/\/elterritorialweb.com.ar\/web\/?p=74931"},"modified":"2025-04-16T13:42:31","modified_gmt":"2025-04-16T13:42:31","slug":"hotel-miranda-desembarca-en-santiago-del-estero","status":"publish","type":"post","link":"https:\/\/elterritorialweb.com.ar\/web\/hotel-miranda-desembarca-en-santiago-del-estero\/","title":{"rendered":"HOTEL MIRANDA! DESEMBARCA EN SANTIAGO DEL ESTERO"},"content":{"rendered":"\n<p><br>Las entradas est\u00e1n disponibles en <a href=\"https:\/\/www.paseshow.com.ar\/eventos\/miranda-santiago-del-estero-25-abril-2025\" title=\"PaseShow.com\">PaseShow.com<\/a> y ahora con Tarjeta Sol en 3 cuotas sin inter\u00e9s puedes adquirirlas en Patsy (Irigoyen y Chacabuco) y en el Paseo de la Ciudad (local 31).<br>Hotel Miranda! no se trata de un show m\u00e1s. Es una declaraci\u00f3n de principios. <\/p>\n\n\n\n<p>Una apuesta grande y ambiciosa por parte de una banda que nunca se conform\u00f3 con el lugar de cl\u00e1sico del pop argentino. Miranda! quiere seguir en movimiento, desafiando etiquetas, y proponiendo nuevas formas de habitar el g\u00e9nero.<\/p>\n\n\n\n<p>El concierto promete ser una experiencia integral: repertorio renovado, cl\u00e1sicos resignificados y una puesta visual de alto impacto, pensada para intensificar la narrativa del disco. M\u00e1s all\u00e1 del despliegue t\u00e9cnico y esc\u00e9nico, lo m\u00e1s potente est\u00e1 en el mensaje: Miranda! no vive del recuerdo. Es presente. Es movimiento. Es renovaci\u00f3n.<br>No te pierdas Hotel Miranda! en Sgo del Estero el pr\u00f3ximo Viernes 25 en el Nodo Tecnol\u00f3gico.<\/p>\n","protected":false},"excerpt":{"rendered":"<p>Despu\u00e9s de su noche vibrante en el Quilmes Rock 2025, donde Miranda! demostr\u00f3 una vez m\u00e1s por qu\u00e9 sigue siendo una referencia obligada del pop nacional, la banda completa se presentar\u00e1 en Santiago del Estero el<br \/>\npr\u00f3ximo Viernes 25 de Abril desde las 22hs en el Nodo Tecnol\u00f3gico.  <\/p>\n","protected":false},"author":2,"featured_media":74932,"comment_status":"open","ping_status":"open","sticky":false,"template":"","format":"standard","meta":{"om_disable_all_campaigns":false,"_monsterinsights_skip_tracking":false,"_monsterinsights_sitenote_active":false,"_monsterinsights_sitenote_note":"","_monsterinsights_sitenote_category":0,"_uf_show_specific_survey":0,"_uf_disable_surveys":false,"jetpack_post_was_ever_published":false,"_jetpack_newsletter_access":"","_jetpack_dont_email_post_to_subs":false,"_jetpack_newsletter_tier_id":0,"_jetpack_memberships_contains_paywalled_content":false,"_jetpack_memberships_contains_paid_content":false,"footnotes":"","jetpack_publicize_message":"","jetpack_publicize_feature_enabled":true,"jetpack_social_post_already_shared":false,"jetpack_social_options":{"image_generator_settings":{"template":"highway","enabled":false},"version":2}},"categories":[4,20],"tags":[1126],"class_list":["post-74931","post","type-post","status-publish","format-standard","has-post-thumbnail","hentry","category-destacadas","category-especysociales","tag-miranda"],"aioseo_notices":[],"views":40,"jetpack_publicize_connections":[],"jetpack_featured_media_url":"https:\/\/i0.wp.com\/elterritorialweb.com.ar\/web\/wp-content\/uploads\/2025\/04\/IMG-20250416-WA0007.jpg?fit=1179%2C921&ssl=1","jetpack_sharing_enabled":true,"_links":{"self":[{"href":"https:\/\/elterritorialweb.com.ar\/web\/wp-json\/wp\/v2\/posts\/74931","targetHints":{"allow":["GET"]}}],"collection":[{"href":"https:\/\/elterritorialweb.com.ar\/web\/wp-json\/wp\/v2\/posts"}],"about":[{"href":"https:\/\/elterritorialweb.com.ar\/web\/wp-json\/wp\/v2\/types\/post"}],"author":[{"embeddable":true,"href":"https:\/\/elterritorialweb.com.ar\/web\/wp-json\/wp\/v2\/users\/2"}],"replies":[{"embeddable":true,"href":"https:\/\/elterritorialweb.com.ar\/web\/wp-json\/wp\/v2\/comments?post=74931"}],"version-history":[{"count":2,"href":"https:\/\/elterritorialweb.com.ar\/web\/wp-json\/wp\/v2\/posts\/74931\/revisions"}],"predecessor-version":[{"id":74934,"href":"https:\/\/elterritorialweb.com.ar\/web\/wp-json\/wp\/v2\/posts\/74931\/revisions\/74934"}],"wp:featuredmedia":[{"embeddable":true,"href":"https:\/\/elterritorialweb.com.ar\/web\/wp-json\/wp\/v2\/media\/74932"}],"wp:attachment":[{"href":"https:\/\/elterritorialweb.com.ar\/web\/wp-json\/wp\/v2\/media?parent=74931"}],"wp:term":[{"taxonomy":"category","embeddable":true,"href":"https:\/\/elterritorialweb.com.ar\/web\/wp-json\/wp\/v2\/categories?post=74931"},{"taxonomy":"post_tag","embeddable":true,"href":"https:\/\/elterritorialweb.com.ar\/web\/wp-json\/wp\/v2\/tags?post=74931"}],"curies":[{"name":"wp","href":"https:\/\/api.w.org\/{rel}","templated":true}]}}