{"id":74935,"date":"2025-04-16T19:16:08","date_gmt":"2025-04-16T19:16:08","guid":{"rendered":"https:\/\/elterritorialweb.com.ar\/web\/?p=74935"},"modified":"2025-04-16T19:16:10","modified_gmt":"2025-04-16T19:16:10","slug":"invitan-a-emprendedores-al-ciclo-de-capacitaciones-del-programa-incubar-2025","status":"publish","type":"post","link":"https:\/\/elterritorialweb.com.ar\/web\/invitan-a-emprendedores-al-ciclo-de-capacitaciones-del-programa-incubar-2025\/","title":{"rendered":"INVITAN A EMPRENDEDORES AL CICLO DE CAPACITACIONES DEL PROGRAMA INCUBAR 2025"},"content":{"rendered":"\n<p>Tendr\u00e1 una duraci\u00f3n de 5 meses y su objetivo es capacitar a todas aquellas personas que quieran impulsar el desarrollo de ideas de emprendimientos o negocios en funcionamiento que no superen los 3 a\u00f1os de antig\u00fcedad. <\/p>\n\n\n\n<p>Los participantes podr\u00e1n finalizar con un proyecto real y consistente permiti\u00e9ndoles percibir apoyo de organismos emprendedores y continuar con su escalabilidad.<\/p>\n\n\n\n<p>El anuncio fue realizado por el secretario de Ciencia y Tecnolog\u00eda, <strong>Adri\u00e1n Su\u00e1rez<\/strong>; el director de Ciencia y Tecnolog\u00eda, <strong>Edmundo Vizgarra<\/strong>, y <strong>Celeste Santill\u00e1n<\/strong>, del Programa Plataforma Emprender.<\/p>\n\n\n\n<p><strong>Su\u00e1rez<\/strong>, en referencia al programa Plataforma Emprender, dijo:<em> \u201cEs un entramado de 19 instituciones, donde est\u00e1n las universidades, las c\u00e1maras empresariales, los colegios profesionales, los organismos nacionales, y tenemos un programa particular que es Incubar; tambi\u00e9n con programas de Naci\u00f3n vinculado a pymes, donde acompa\u00f1amos a los emprendedores. Nos interesa mucho la generaci\u00f3n de empleo, la actividad econ\u00f3mica y los acompa\u00f1amos desde la idea hasta el plan de negocio\u201d.<\/em><\/p>\n\n\n\n<p>A su turno, <strong>Vizgarra<\/strong> explic\u00f3 que esta capacitaci\u00f3n es para emprendedores que ya est\u00e1n iniciados y para quienes cuenten con una idea. <em>\u201cLo que pretendemos -precis\u00f3- es acompa\u00f1arlos en la gesti\u00f3n profesional de sus emprendimientos, en donde puedan ver contenidos de su definici\u00f3n de modelo de negocios, definir costos, aprender t\u00e9cnicas de ventas y de marketing, as\u00ed como la formalizaci\u00f3n ante diferentes organismos en caso que requieran alguna habilitaci\u00f3n los productos o servicios que brinden, buscamos que sea una formaci\u00f3n b\u00e1sica, pero integral en todos los aspectos de la gesti\u00f3n de los emprendimientos\u201d<\/em>.<\/p>\n\n\n\n<p>Por \u00faltimo, <strong>Celeste Santill\u00e1n<\/strong> convoc\u00f3 a todos los emprendedores santiague\u00f1os a formar parte de este ciclo de capacitaciones de forma gratuita. <em>\u201cLos invitamos a sumarse a trav\u00e9s de las redes, es como plataforma emprender en donde van a poder encontrar el link de las inscripciones\u201d.<\/em><br><\/p>\n\n\n\n<p>El cupo es limitado. Por consultas: <a href=\"mailto:sgonodotecemprende@gmail.com\"><strong>sgonodotecemprende@gmail.com<\/strong><\/a>. <\/p>\n\n\n\n<p>M\u00e1s informaci\u00f3n en las redes sociales de Plataforma Emprender: <a href=\"https:\/\/www.instagram.com\/plataformaemprender\"><strong>instagram.com\/plataformaemprender<\/strong><\/a> <a href=\"https:\/\/www.facebook.com\/PlataformaEmprender\"><strong>facebook.com\/PlataformaEmprender<\/strong><\/a><\/p>\n\n\n\n<p><\/p>\n","protected":false},"excerpt":{"rendered":"<p>La Secretar\u00eda de Ciencia y Tecnolog\u00eda de Santiago del Estero, mediante su programa Plataforma Emprender, inform\u00f3 que se encuentran abiertas las inscripciones para las capacitaciones del programa Incubar 2025, el cual dar\u00e1 inicio el mi\u00e9rcoles 23 de abril, a las 15 en el Auditorio del Nodo Tecnol\u00f3gico.<\/p>\n","protected":false},"author":2,"featured_media":74936,"comment_status":"open","ping_status":"open","sticky":false,"template":"","format":"standard","meta":{"om_disable_all_campaigns":false,"_monsterinsights_skip_tracking":false,"_monsterinsights_sitenote_active":false,"_monsterinsights_sitenote_note":"","_monsterinsights_sitenote_category":0,"_uf_show_specific_survey":0,"_uf_disable_surveys":false,"jetpack_post_was_ever_published":false,"_jetpack_newsletter_access":"","_jetpack_dont_email_post_to_subs":false,"_jetpack_newsletter_tier_id":0,"_jetpack_memberships_contains_paywalled_content":false,"_jetpack_memberships_contains_paid_content":false,"footnotes":"","jetpack_publicize_message":"","jetpack_publicize_feature_enabled":true,"jetpack_social_post_already_shared":false,"jetpack_social_options":{"image_generator_settings":{"template":"highway","enabled":false},"version":2}},"categories":[4,21],"tags":[],"class_list":["post-74935","post","type-post","status-publish","format-standard","has-post-thumbnail","hentry","category-destacadas","category-locales"],"aioseo_notices":[],"views":29,"jetpack_publicize_connections":[],"jetpack_featured_media_url":"https:\/\/i0.wp.com\/elterritorialweb.com.ar\/web\/wp-content\/uploads\/2025\/04\/IMG-20250416-WA0010.jpg?fit=2560%2C1599&ssl=1","jetpack_sharing_enabled":true,"_links":{"self":[{"href":"https:\/\/elterritorialweb.com.ar\/web\/wp-json\/wp\/v2\/posts\/74935","targetHints":{"allow":["GET"]}}],"collection":[{"href":"https:\/\/elterritorialweb.com.ar\/web\/wp-json\/wp\/v2\/posts"}],"about":[{"href":"https:\/\/elterritorialweb.com.ar\/web\/wp-json\/wp\/v2\/types\/post"}],"author":[{"embeddable":true,"href":"https:\/\/elterritorialweb.com.ar\/web\/wp-json\/wp\/v2\/users\/2"}],"replies":[{"embeddable":true,"href":"https:\/\/elterritorialweb.com.ar\/web\/wp-json\/wp\/v2\/comments?post=74935"}],"version-history":[{"count":2,"href":"https:\/\/elterritorialweb.com.ar\/web\/wp-json\/wp\/v2\/posts\/74935\/revisions"}],"predecessor-version":[{"id":74938,"href":"https:\/\/elterritorialweb.com.ar\/web\/wp-json\/wp\/v2\/posts\/74935\/revisions\/74938"}],"wp:featuredmedia":[{"embeddable":true,"href":"https:\/\/elterritorialweb.com.ar\/web\/wp-json\/wp\/v2\/media\/74936"}],"wp:attachment":[{"href":"https:\/\/elterritorialweb.com.ar\/web\/wp-json\/wp\/v2\/media?parent=74935"}],"wp:term":[{"taxonomy":"category","embeddable":true,"href":"https:\/\/elterritorialweb.com.ar\/web\/wp-json\/wp\/v2\/categories?post=74935"},{"taxonomy":"post_tag","embeddable":true,"href":"https:\/\/elterritorialweb.com.ar\/web\/wp-json\/wp\/v2\/tags?post=74935"}],"curies":[{"name":"wp","href":"https:\/\/api.w.org\/{rel}","templated":true}]}}