{"id":74943,"date":"2025-04-16T21:58:17","date_gmt":"2025-04-16T21:58:17","guid":{"rendered":"https:\/\/elterritorialweb.com.ar\/web\/?p=74943"},"modified":"2025-04-16T21:58:19","modified_gmt":"2025-04-16T21:58:19","slug":"se-anuncio-la-segunda-fecha-del-rally-santiagueno-en-clodomira","status":"publish","type":"post","link":"https:\/\/elterritorialweb.com.ar\/web\/se-anuncio-la-segunda-fecha-del-rally-santiagueno-en-clodomira\/","title":{"rendered":"SE ANUNCI\u00d3 LA SEGUNDA FECHA DEL RALLY SANTIAGUE\u00d1O EN CLODOMIRA"},"content":{"rendered":"\n<p>Participaron del anuncio el secretario de Deportes de la provincia, <strong>Carlos Dapello<\/strong>; el coordinador de la Secretar\u00eda de Deportes, <strong>Guillermo R\u00edos<\/strong>, junto al presidente de la Asociaci\u00f3n Santiague\u00f1a de Rally, <strong>Jos\u00e9 Luis Gallo<\/strong>; el vicepresidente, <strong>Luis Catalfamo<\/strong>, el intendente de Clodomira, <strong>Daniel Ruiz<\/strong>, entre otros miembros de la comisi\u00f3n e invitados especiales.<\/p>\n\n\n\n<p>Cabe destacar que el <strong>s\u00e1bado 26<\/strong> se realizar\u00e1 la inscripci\u00f3n desde las <strong>8 hasta 11<\/strong>, posteriormente ser\u00e1 la verificaci\u00f3n t\u00e9cnica y administrativa en la Estaci\u00f3n de Ferrocarril de <strong>8.30 a 11<\/strong>.<\/p>\n\n\n\n<p>Adem\u00e1s, se desarrollar\u00e1 la largada oficial de la Primera Etapa Prueba Especial \u201cCampo Fabi\u00e1n \u2013 Ruta\u201d con una distancia de 13.5 km a las 14.30 hs.<br>El domingo ser\u00e1 la largada oficial Etapa 2 Prueba Especial \u201cCampo Fabi\u00e1n-Ruta\u201d, de 13.5 km a partir de las 9.05.<\/p>\n\n\n\n<figure class=\"wp-block-image size-large\"><a href=\"https:\/\/i0.wp.com\/elterritorialweb.com.ar\/web\/wp-content\/uploads\/2025\/04\/1000016966.jpg?ssl=1\"><img data-recalc-dims=\"1\" decoding=\"async\" width=\"640\" height=\"395\" data-src=\"https:\/\/i0.wp.com\/elterritorialweb.com.ar\/web\/wp-content\/uploads\/2025\/04\/1000016966-1024x632.jpg?resize=640%2C395&#038;ssl=1\" alt=\"\" class=\"wp-image-74945 lazyload\" data-srcset=\"https:\/\/i0.wp.com\/elterritorialweb.com.ar\/web\/wp-content\/uploads\/2025\/04\/1000016966.jpg?resize=1024%2C632&amp;ssl=1 1024w, https:\/\/i0.wp.com\/elterritorialweb.com.ar\/web\/wp-content\/uploads\/2025\/04\/1000016966.jpg?resize=300%2C185&amp;ssl=1 300w, https:\/\/i0.wp.com\/elterritorialweb.com.ar\/web\/wp-content\/uploads\/2025\/04\/1000016966.jpg?resize=768%2C474&amp;ssl=1 768w, https:\/\/i0.wp.com\/elterritorialweb.com.ar\/web\/wp-content\/uploads\/2025\/04\/1000016966.jpg?resize=1536%2C947&amp;ssl=1 1536w, https:\/\/i0.wp.com\/elterritorialweb.com.ar\/web\/wp-content\/uploads\/2025\/04\/1000016966.jpg?resize=2048%2C1263&amp;ssl=1 2048w, https:\/\/i0.wp.com\/elterritorialweb.com.ar\/web\/wp-content\/uploads\/2025\/04\/1000016966.jpg?w=1280 1280w, https:\/\/i0.wp.com\/elterritorialweb.com.ar\/web\/wp-content\/uploads\/2025\/04\/1000016966.jpg?w=1920 1920w\" data-sizes=\"(max-width: 640px) 100vw, 640px\" src=\"data:image\/svg+xml;base64,PHN2ZyB3aWR0aD0iMSIgaGVpZ2h0PSIxIiB4bWxucz0iaHR0cDovL3d3dy53My5vcmcvMjAwMC9zdmciPjwvc3ZnPg==\" style=\"--smush-placeholder-width: 640px; --smush-placeholder-aspect-ratio: 640\/395;\" \/><\/a><\/figure>\n\n\n\n<p>La coronaci\u00f3n de ganadores ser\u00e1 en la Estaci\u00f3n de Ferrocarril a las 16 y cerrar\u00e1 la segunda fecha del calendario la verificaci\u00f3n t\u00e9cnica final en el Club Clodomira a las 17.<\/p>\n\n\n\n<p>En este sentido, <strong>R\u00edos<\/strong> destac\u00f3 el acompa\u00f1amiento por parte del Gobierno Provincial y el apoyo del municipio de Clodomira, que hacen posible que siga llev\u00e1ndose a cabo el calendario completo y felicit\u00f3 a todos los pilotos por el compromiso y profesionalismo junto a sus equipos por la dedicaci\u00f3n y el protagonismo en cada fecha.<\/p>\n\n\n\n<p>A su turno, <strong>Gallo<\/strong> resalt\u00f3 el trabajo en conjunto de la asociaci\u00f3n junto a la intendencia, los equipos de seguridad, polic\u00eda, ambulancia para el manejo de estos tipos de jornadas como la<em> \u00abdel a\u00f1o pasado que fue una fecha del s\u00faper prime impecable\u00bb<\/em>.<br><em>\u201cEs una de e las carreras m\u00e1s extensas del a\u00f1o, ser\u00e1 de puntaje y medio, llamado Coeficiente 2, solamente se realizan dos fechas de este formato\u201d<\/em>, resalt\u00f3 Gallo, quien adem\u00e1s hizo referencia a los 114 km que se correr\u00e1n a lo largo de estas dos jornadas.<\/p>\n\n\n\n<p><\/p>\n","protected":false},"excerpt":{"rendered":"<p>La Asociaci\u00f3n Santiague\u00f1a de Rally anunci\u00f3 la segunda fecha del calendario de la competencia, que se desarrollar\u00e1 en Clodomira, departamento Banda, los d\u00edas s\u00e1bado 26 y domingo 27 de abril.<\/p>\n","protected":false},"author":2,"featured_media":74944,"comment_status":"open","ping_status":"open","sticky":false,"template":"","format":"standard","meta":{"om_disable_all_campaigns":false,"_monsterinsights_skip_tracking":false,"_monsterinsights_sitenote_active":false,"_monsterinsights_sitenote_note":"","_monsterinsights_sitenote_category":0,"_uf_show_specific_survey":0,"_uf_disable_surveys":false,"jetpack_post_was_ever_published":false,"_jetpack_newsletter_access":"","_jetpack_dont_email_post_to_subs":false,"_jetpack_newsletter_tier_id":0,"_jetpack_memberships_contains_paywalled_content":false,"_jetpack_memberships_contains_paid_content":false,"footnotes":"","jetpack_publicize_message":"","jetpack_publicize_feature_enabled":true,"jetpack_social_post_already_shared":false,"jetpack_social_options":{"image_generator_settings":{"template":"highway","enabled":false},"version":2}},"categories":[6,4],"tags":[],"class_list":["post-74943","post","type-post","status-publish","format-standard","has-post-thumbnail","hentry","category-deportes","category-destacadas"],"aioseo_notices":[],"views":17,"jetpack_publicize_connections":[],"jetpack_featured_media_url":"https:\/\/i0.wp.com\/elterritorialweb.com.ar\/web\/wp-content\/uploads\/2025\/04\/IMG-20250416-WA0014.jpg?fit=2560%2C1517&ssl=1","jetpack_sharing_enabled":true,"_links":{"self":[{"href":"https:\/\/elterritorialweb.com.ar\/web\/wp-json\/wp\/v2\/posts\/74943","targetHints":{"allow":["GET"]}}],"collection":[{"href":"https:\/\/elterritorialweb.com.ar\/web\/wp-json\/wp\/v2\/posts"}],"about":[{"href":"https:\/\/elterritorialweb.com.ar\/web\/wp-json\/wp\/v2\/types\/post"}],"author":[{"embeddable":true,"href":"https:\/\/elterritorialweb.com.ar\/web\/wp-json\/wp\/v2\/users\/2"}],"replies":[{"embeddable":true,"href":"https:\/\/elterritorialweb.com.ar\/web\/wp-json\/wp\/v2\/comments?post=74943"}],"version-history":[{"count":2,"href":"https:\/\/elterritorialweb.com.ar\/web\/wp-json\/wp\/v2\/posts\/74943\/revisions"}],"predecessor-version":[{"id":74947,"href":"https:\/\/elterritorialweb.com.ar\/web\/wp-json\/wp\/v2\/posts\/74943\/revisions\/74947"}],"wp:featuredmedia":[{"embeddable":true,"href":"https:\/\/elterritorialweb.com.ar\/web\/wp-json\/wp\/v2\/media\/74944"}],"wp:attachment":[{"href":"https:\/\/elterritorialweb.com.ar\/web\/wp-json\/wp\/v2\/media?parent=74943"}],"wp:term":[{"taxonomy":"category","embeddable":true,"href":"https:\/\/elterritorialweb.com.ar\/web\/wp-json\/wp\/v2\/categories?post=74943"},{"taxonomy":"post_tag","embeddable":true,"href":"https:\/\/elterritorialweb.com.ar\/web\/wp-json\/wp\/v2\/tags?post=74943"}],"curies":[{"name":"wp","href":"https:\/\/api.w.org\/{rel}","templated":true}]}}