{"id":74949,"date":"2025-04-17T14:39:14","date_gmt":"2025-04-17T14:39:14","guid":{"rendered":"https:\/\/elterritorialweb.com.ar\/web\/?p=74949"},"modified":"2025-04-17T14:40:51","modified_gmt":"2025-04-17T14:40:51","slug":"raly-barrionuevo-lanza-mujeres-caminates","status":"publish","type":"post","link":"https:\/\/elterritorialweb.com.ar\/web\/raly-barrionuevo-lanza-mujeres-caminates\/","title":{"rendered":"RALY BARRIONUEVO LANZA \u00abMUJERES CAMINATES\u00bb"},"content":{"rendered":"\n<p> <strong>\u00abMujeres Caminantes\u00bb <\/strong>es el resultado del encuentro virtual y la colaboraci\u00f3n de diversas artistas, quienes aportaron su voz y su esencia a cada canci\u00f3n transform\u00e1ndola en una nueva obra. <\/p>\n\n\n\n<p>Lo que comenz\u00f3 como un juego y un intercambio de canciones, result\u00f3 en esta entrega art\u00edstica colaborativa, que resignifica composiciones propias y canciones del repertorio personal del m\u00fasico, quien sinti\u00f3 que ya era tiempo de darlo a conocer. <\/p>\n\n\n\n<p><em>\u00abFue un proceso org\u00e1nico y hermoso\u00bb<\/em>, comenta Raly Barrionuevo. <em>\u00abEs un trabajo en el cual me di el gusto absoluto de atreverme a mirar desde otro lugar las canciones que escrib\u00ed en alg\u00fan momento; de escucharlas, quiz\u00e1s, por voces que tendr\u00edan que haberlas cantado desde el inicio. Eso es &#8216;Mujeres Caminantes&#8217; y aqu\u00ed se los entrego\u00bb<\/em>.<\/p>\n\n\n\n<figure class=\"wp-block-image size-large\"><a href=\"https:\/\/i0.wp.com\/elterritorialweb.com.ar\/web\/wp-content\/uploads\/2025\/04\/1000017510.jpg?ssl=1\"><img data-recalc-dims=\"1\" decoding=\"async\" width=\"640\" height=\"619\" data-src=\"https:\/\/i0.wp.com\/elterritorialweb.com.ar\/web\/wp-content\/uploads\/2025\/04\/1000017510-1024x990.jpg?resize=640%2C619&#038;ssl=1\" alt=\"\" class=\"wp-image-74951 lazyload\" data-srcset=\"https:\/\/i0.wp.com\/elterritorialweb.com.ar\/web\/wp-content\/uploads\/2025\/04\/1000017510.jpg?resize=1024%2C990&amp;ssl=1 1024w, https:\/\/i0.wp.com\/elterritorialweb.com.ar\/web\/wp-content\/uploads\/2025\/04\/1000017510.jpg?resize=300%2C290&amp;ssl=1 300w, https:\/\/i0.wp.com\/elterritorialweb.com.ar\/web\/wp-content\/uploads\/2025\/04\/1000017510.jpg?resize=768%2C743&amp;ssl=1 768w, https:\/\/i0.wp.com\/elterritorialweb.com.ar\/web\/wp-content\/uploads\/2025\/04\/1000017510.jpg?w=1179&amp;ssl=1 1179w\" data-sizes=\"(max-width: 640px) 100vw, 640px\" src=\"data:image\/svg+xml;base64,PHN2ZyB3aWR0aD0iMSIgaGVpZ2h0PSIxIiB4bWxucz0iaHR0cDovL3d3dy53My5vcmcvMjAwMC9zdmciPjwvc3ZnPg==\" style=\"--smush-placeholder-width: 640px; --smush-placeholder-aspect-ratio: 640\/619;\" \/><\/a><\/figure>\n\n\n\n<p>Las artistas que le ponen voz al repertorio son: <strong>Micaela Vita, Patricia Herrera, Lina Sijatovich, Eugenia Quevedo, Roc\u00edo Tobas, Guadalupe Toledo, Florencia Nu\u00f1ez, Marina Abalos, Pamela Schweblin, Maggie Cullen, Amparo S\u00e1nchez, Milena Salamanca, Nadia Larcher, Eleonor Kaufman, Paz Carrara, Mery Murua, Thamires Tannous, CCI KIU, Micaela Chauque y Mar\u00eda Elena Barrionuevo<\/strong>. <\/p>\n\n\n\n<p><strong>\u00abMujeres Caminantes\u00bb <\/strong>se encuentra disponible en YouTube, Spotify y Apple Music.<\/p>\n","protected":false},"excerpt":{"rendered":"<p>El reconocido cantautor nos\u00a0comparte seis a\u00f1os de trabajo y m\u00fasica, \u00abMujeres Caminantes\u00bb, un \u00e1lbum con 19 interpretaciones\u00a0 que surgieron de la espontaneidad y la conexi\u00f3n.<\/p>\n","protected":false},"author":2,"featured_media":74950,"comment_status":"open","ping_status":"open","sticky":false,"template":"","format":"standard","meta":{"om_disable_all_campaigns":false,"_monsterinsights_skip_tracking":false,"_monsterinsights_sitenote_active":false,"_monsterinsights_sitenote_note":"","_monsterinsights_sitenote_category":0,"_uf_show_specific_survey":0,"_uf_disable_surveys":false,"jetpack_post_was_ever_published":false,"_jetpack_newsletter_access":"","_jetpack_dont_email_post_to_subs":false,"_jetpack_newsletter_tier_id":0,"_jetpack_memberships_contains_paywalled_content":false,"_jetpack_memberships_contains_paid_content":false,"footnotes":"","jetpack_publicize_message":"","jetpack_publicize_feature_enabled":true,"jetpack_social_post_already_shared":false,"jetpack_social_options":{"image_generator_settings":{"template":"highway","enabled":false},"version":2}},"categories":[4,20],"tags":[649],"class_list":["post-74949","post","type-post","status-publish","format-standard","has-post-thumbnail","hentry","category-destacadas","category-especysociales","tag-raly-barrionuevo"],"aioseo_notices":[],"views":33,"jetpack_publicize_connections":[],"jetpack_featured_media_url":"https:\/\/i0.wp.com\/elterritorialweb.com.ar\/web\/wp-content\/uploads\/2025\/04\/FB_IMG_1744900647911.jpg?fit=995%2C934&ssl=1","jetpack_sharing_enabled":true,"_links":{"self":[{"href":"https:\/\/elterritorialweb.com.ar\/web\/wp-json\/wp\/v2\/posts\/74949","targetHints":{"allow":["GET"]}}],"collection":[{"href":"https:\/\/elterritorialweb.com.ar\/web\/wp-json\/wp\/v2\/posts"}],"about":[{"href":"https:\/\/elterritorialweb.com.ar\/web\/wp-json\/wp\/v2\/types\/post"}],"author":[{"embeddable":true,"href":"https:\/\/elterritorialweb.com.ar\/web\/wp-json\/wp\/v2\/users\/2"}],"replies":[{"embeddable":true,"href":"https:\/\/elterritorialweb.com.ar\/web\/wp-json\/wp\/v2\/comments?post=74949"}],"version-history":[{"count":2,"href":"https:\/\/elterritorialweb.com.ar\/web\/wp-json\/wp\/v2\/posts\/74949\/revisions"}],"predecessor-version":[{"id":74954,"href":"https:\/\/elterritorialweb.com.ar\/web\/wp-json\/wp\/v2\/posts\/74949\/revisions\/74954"}],"wp:featuredmedia":[{"embeddable":true,"href":"https:\/\/elterritorialweb.com.ar\/web\/wp-json\/wp\/v2\/media\/74950"}],"wp:attachment":[{"href":"https:\/\/elterritorialweb.com.ar\/web\/wp-json\/wp\/v2\/media?parent=74949"}],"wp:term":[{"taxonomy":"category","embeddable":true,"href":"https:\/\/elterritorialweb.com.ar\/web\/wp-json\/wp\/v2\/categories?post=74949"},{"taxonomy":"post_tag","embeddable":true,"href":"https:\/\/elterritorialweb.com.ar\/web\/wp-json\/wp\/v2\/tags?post=74949"}],"curies":[{"name":"wp","href":"https:\/\/api.w.org\/{rel}","templated":true}]}}