{"id":74955,"date":"2025-04-17T23:51:28","date_gmt":"2025-04-17T23:51:28","guid":{"rendered":"https:\/\/elterritorialweb.com.ar\/web\/?p=74955"},"modified":"2025-04-17T23:51:31","modified_gmt":"2025-04-17T23:51:31","slug":"aribaron-a-las-termas-las-maquinas-de-la-formula-1-powerboat-y-el-jet-pro-evolution","status":"publish","type":"post","link":"https:\/\/elterritorialweb.com.ar\/web\/aribaron-a-las-termas-las-maquinas-de-la-formula-1-powerboat-y-el-jet-pro-evolution\/","title":{"rendered":"ARIBARON A LAS TERMAS LAS M\u00c1QUINAS DE LA FORMULA 1 POWERBOAT Y EL JET PRO EVOLUTION"},"content":{"rendered":"\n<p><br>El <strong>evento<\/strong>, que re\u00fane a los mejores pilotos de dichas <strong>especialidades moton\u00e1uticas<\/strong> se desarrollar\u00e1 en <strong>dos jornadas en el Dique Frontal<\/strong> como en cada <strong>Semana Santa<\/strong> desde hace m\u00e1s de una d\u00e9cada.<\/p>\n\n\n\n<p>Este <strong>viernes<\/strong>, <strong>entre las 15 y las 18<\/strong>, habr\u00e1 pruebas libres y series clasificatorias para cada una de las categor\u00edas, mientras que el <strong>s\u00e1bado en el mismo horario<\/strong> se efectuar\u00e1n las series complementarias para luego tener la ceremonia de premiaci\u00f3n a las 18.30.<\/p>\n\n\n\n<figure class=\"wp-block-image size-large\"><a href=\"https:\/\/i0.wp.com\/elterritorialweb.com.ar\/web\/wp-content\/uploads\/2025\/04\/IMG-20250417-WA0031.jpg\"><img data-recalc-dims=\"1\" decoding=\"async\" width=\"640\" height=\"393\" data-src=\"https:\/\/i0.wp.com\/elterritorialweb.com.ar\/web\/wp-content\/uploads\/2025\/04\/IMG-20250417-WA0031.jpg?resize=640%2C393\" alt=\"\" class=\"wp-image-74957 lazyload\" data-srcset=\"https:\/\/i0.wp.com\/elterritorialweb.com.ar\/web\/wp-content\/uploads\/2025\/04\/IMG-20250417-WA0031.jpg?resize=1024%2C628&amp;ssl=1 1024w, https:\/\/i0.wp.com\/elterritorialweb.com.ar\/web\/wp-content\/uploads\/2025\/04\/IMG-20250417-WA0031.jpg?resize=300%2C184&amp;ssl=1 300w, https:\/\/i0.wp.com\/elterritorialweb.com.ar\/web\/wp-content\/uploads\/2025\/04\/IMG-20250417-WA0031.jpg?resize=768%2C471&amp;ssl=1 768w, https:\/\/i0.wp.com\/elterritorialweb.com.ar\/web\/wp-content\/uploads\/2025\/04\/IMG-20250417-WA0031.jpg?w=1280&amp;ssl=1 1280w\" data-sizes=\"(max-width: 640px) 100vw, 640px\" src=\"data:image\/svg+xml;base64,PHN2ZyB3aWR0aD0iMSIgaGVpZ2h0PSIxIiB4bWxucz0iaHR0cDovL3d3dy53My5vcmcvMjAwMC9zdmciPjwvc3ZnPg==\" style=\"--smush-placeholder-width: 640px; --smush-placeholder-aspect-ratio: 640\/393;\" \/><\/a><\/figure>\n\n\n\n<p>Toda la actividad moton\u00e1utica en el Dique Frontal es con <strong>acceso libre y gratuito<\/strong>, oportunidad en la que el p\u00fablico podr\u00e1 ubicarse en la zona del murall\u00f3n del dique para observar la acci\u00f3n que se desarrollar\u00e1 frente a la Playa del Lago.<\/p>\n\n\n\n<p>Los show n\u00e1uticos de la <strong>F1 Powerboat <\/strong>y el <strong>Jet Pro Evolution <\/strong>son actualmente la mayor<br>experiencia de velocidad para los amantes de la moton\u00e1utica de primer nivel en la Argentina.<\/p>\n","protected":false},"excerpt":{"rendered":"<p>Los participantes de la F\u00f3rmula 1 Powerboat y el Jet Pro Evolution arribaron este jueves por la tarde a Las Termas de R\u00edo Hondo para una nueva edici\u00f3n del Show N\u00e1utico 2025 y las m\u00e1quinas quedaron en exhibici\u00f3n en el centro de la ciudad.<\/p>\n","protected":false},"author":2,"featured_media":74956,"comment_status":"open","ping_status":"open","sticky":false,"template":"","format":"standard","meta":{"om_disable_all_campaigns":false,"_monsterinsights_skip_tracking":false,"_monsterinsights_sitenote_active":false,"_monsterinsights_sitenote_note":"","_monsterinsights_sitenote_category":0,"_uf_show_specific_survey":0,"_uf_disable_surveys":false,"jetpack_post_was_ever_published":false,"_jetpack_newsletter_access":"","_jetpack_dont_email_post_to_subs":false,"_jetpack_newsletter_tier_id":0,"_jetpack_memberships_contains_paywalled_content":false,"_jetpack_memberships_contains_paid_content":false,"footnotes":"","jetpack_publicize_message":"","jetpack_publicize_feature_enabled":true,"jetpack_social_post_already_shared":false,"jetpack_social_options":{"image_generator_settings":{"template":"highway","enabled":false},"version":2}},"categories":[6,4],"tags":[1281,42],"class_list":["post-74955","post","type-post","status-publish","format-standard","has-post-thumbnail","hentry","category-deportes","category-destacadas","tag-dique-frontal","tag-termas-de-rio-hondo"],"aioseo_notices":[],"views":21,"jetpack_publicize_connections":[],"jetpack_featured_media_url":"https:\/\/i0.wp.com\/elterritorialweb.com.ar\/web\/wp-content\/uploads\/2025\/04\/IMG-20250417-WA0032.jpg?fit=1280%2C726&ssl=1","jetpack_sharing_enabled":true,"_links":{"self":[{"href":"https:\/\/elterritorialweb.com.ar\/web\/wp-json\/wp\/v2\/posts\/74955","targetHints":{"allow":["GET"]}}],"collection":[{"href":"https:\/\/elterritorialweb.com.ar\/web\/wp-json\/wp\/v2\/posts"}],"about":[{"href":"https:\/\/elterritorialweb.com.ar\/web\/wp-json\/wp\/v2\/types\/post"}],"author":[{"embeddable":true,"href":"https:\/\/elterritorialweb.com.ar\/web\/wp-json\/wp\/v2\/users\/2"}],"replies":[{"embeddable":true,"href":"https:\/\/elterritorialweb.com.ar\/web\/wp-json\/wp\/v2\/comments?post=74955"}],"version-history":[{"count":2,"href":"https:\/\/elterritorialweb.com.ar\/web\/wp-json\/wp\/v2\/posts\/74955\/revisions"}],"predecessor-version":[{"id":74959,"href":"https:\/\/elterritorialweb.com.ar\/web\/wp-json\/wp\/v2\/posts\/74955\/revisions\/74959"}],"wp:featuredmedia":[{"embeddable":true,"href":"https:\/\/elterritorialweb.com.ar\/web\/wp-json\/wp\/v2\/media\/74956"}],"wp:attachment":[{"href":"https:\/\/elterritorialweb.com.ar\/web\/wp-json\/wp\/v2\/media?parent=74955"}],"wp:term":[{"taxonomy":"category","embeddable":true,"href":"https:\/\/elterritorialweb.com.ar\/web\/wp-json\/wp\/v2\/categories?post=74955"},{"taxonomy":"post_tag","embeddable":true,"href":"https:\/\/elterritorialweb.com.ar\/web\/wp-json\/wp\/v2\/tags?post=74955"}],"curies":[{"name":"wp","href":"https:\/\/api.w.org\/{rel}","templated":true}]}}