{"id":74970,"date":"2025-04-19T02:31:39","date_gmt":"2025-04-19T02:31:39","guid":{"rendered":"https:\/\/elterritorialweb.com.ar\/web\/?p=74970"},"modified":"2025-04-19T02:34:02","modified_gmt":"2025-04-19T02:34:02","slug":"central-cordoba-cayo-ante-racing-en-avellaneda-y-complico-su-clasificacion","status":"publish","type":"post","link":"https:\/\/elterritorialweb.com.ar\/web\/central-cordoba-cayo-ante-racing-en-avellaneda-y-complico-su-clasificacion\/","title":{"rendered":"CENTRAL CORDOBA CAY\u00d3 ANTE RACING EN AVELLANEDA Y COMPLIC\u00d3 SU CLASIFICACI\u00d3N"},"content":{"rendered":"\n<p><strong>Central C\u00f3rdoba<\/strong>\u00a0cay\u00f3 por\u00a0<strong>1-0<\/strong>\u00a0en su visita a\u00a0<strong>Racing<\/strong>, por la fecha 14 del\u00a0<strong>Torneo Apertura de la Liga Profesional<\/strong>, y comprometi\u00f3 seriamente sus chances de avanzar a los\u00a0<strong>octavos de final<\/strong>.<\/p>\n\n\n\n<p>El encuentro se llev\u00f3 a cabo\u00a0<strong>en el Estadio Presidente Per\u00f3n<\/strong>, m\u00e1s conocido como el \u201cCilindro de Avellaneda\u201d, y cont\u00f3 con el\u00a0<strong>arbitraje de Hern\u00e1n Mastr\u00e1ngelo.<\/strong><\/p>\n\n\n\n<p>En los primeros minutos, Racing intent\u00f3 lastimar desde el arranque a Central C\u00f3rdoba, pero aunque tuvo muchas situaciones claras, no pudo concluir las mismas convirtiendo goles.<\/p>\n\n\n\n<p>A los 26 minutos&nbsp;<strong>Bruno Zuculini<\/strong>&nbsp;remat\u00f3 desde adentro del \u00e1rea y fue el arquero del \u201cFerroviario\u201d, quien salv\u00f3 a su equipo con una gran atajada.<\/p>\n\n\n\n<figure class=\"wp-block-image size-large\"><a href=\"https:\/\/i0.wp.com\/elterritorialweb.com.ar\/web\/wp-content\/uploads\/2025\/04\/1000018955-scaled.jpg?ssl=1\"><img data-recalc-dims=\"1\" decoding=\"async\" width=\"640\" height=\"427\" data-src=\"https:\/\/i0.wp.com\/elterritorialweb.com.ar\/web\/wp-content\/uploads\/2025\/04\/1000018955-1024x683.jpg?resize=640%2C427&#038;ssl=1\" alt=\"\" class=\"wp-image-74975 lazyload\" data-srcset=\"https:\/\/i0.wp.com\/elterritorialweb.com.ar\/web\/wp-content\/uploads\/2025\/04\/1000018955-scaled.jpg?resize=1024%2C683&amp;ssl=1 1024w, https:\/\/i0.wp.com\/elterritorialweb.com.ar\/web\/wp-content\/uploads\/2025\/04\/1000018955-scaled.jpg?resize=300%2C200&amp;ssl=1 300w, https:\/\/i0.wp.com\/elterritorialweb.com.ar\/web\/wp-content\/uploads\/2025\/04\/1000018955-scaled.jpg?resize=768%2C512&amp;ssl=1 768w, https:\/\/i0.wp.com\/elterritorialweb.com.ar\/web\/wp-content\/uploads\/2025\/04\/1000018955-scaled.jpg?resize=1536%2C1024&amp;ssl=1 1536w, https:\/\/i0.wp.com\/elterritorialweb.com.ar\/web\/wp-content\/uploads\/2025\/04\/1000018955-scaled.jpg?resize=2048%2C1365&amp;ssl=1 2048w, https:\/\/i0.wp.com\/elterritorialweb.com.ar\/web\/wp-content\/uploads\/2025\/04\/1000018955-scaled.jpg?w=1280 1280w, https:\/\/i0.wp.com\/elterritorialweb.com.ar\/web\/wp-content\/uploads\/2025\/04\/1000018955-scaled.jpg?w=1920 1920w\" data-sizes=\"(max-width: 640px) 100vw, 640px\" src=\"data:image\/svg+xml;base64,PHN2ZyB3aWR0aD0iMSIgaGVpZ2h0PSIxIiB4bWxucz0iaHR0cDovL3d3dy53My5vcmcvMjAwMC9zdmciPjwvc3ZnPg==\" style=\"--smush-placeholder-width: 640px; --smush-placeholder-aspect-ratio: 640\/427;\" \/><\/a><\/figure>\n\n\n\n<p>Cinco minutos despu\u00e9s,&nbsp;<strong>Santiago Sosa<\/strong>&nbsp;se desmarc\u00f3 de sus rivales en un tiro libre a favor de Racing y de cabeza envi\u00f3 el bal\u00f3n muy cerca del palo derecho de&nbsp;<strong>Alan Aguerre<\/strong>. Aunque la \u201cAcademia\u201d se mostraba superior, no lograba encontrar el gol.<\/p>\n\n\n\n<p>A los 41 minutos,&nbsp;<strong>Maximilianon Salas<\/strong>&nbsp;le gan\u00f3 a su marcador,&nbsp;<strong>Aguerre f<\/strong>ue a achicar al delantero y desvi\u00f3 el bal\u00f3n, pero en un nuevo intento de convertir, el jugador de Racing envi\u00f3 la pelota por encima del travesa\u00f1o.<\/p>\n\n\n\n<p>En el final del primer tiempo&nbsp;<strong>Zuculini&nbsp;<\/strong>le dio la ventaja al equipo de&nbsp;<strong>Gustavo Costas<\/strong>, luego de aprovechar el rebote del arquero&nbsp;<strong>Aguerre<\/strong>&nbsp;y enviara el bal\u00f3n al fondo de la red para darle la victoria a la \u201cAcadem\u00eda\u201d por 1-0.<\/p>\n\n\n\n<figure class=\"wp-block-image size-large\"><a href=\"https:\/\/i0.wp.com\/elterritorialweb.com.ar\/web\/wp-content\/uploads\/2025\/04\/1000018953.jpg?ssl=1\"><img data-recalc-dims=\"1\" decoding=\"async\" width=\"640\" height=\"426\" data-src=\"https:\/\/i0.wp.com\/elterritorialweb.com.ar\/web\/wp-content\/uploads\/2025\/04\/1000018953-1024x682.jpg?resize=640%2C426&#038;ssl=1\" alt=\"\" class=\"wp-image-74976 lazyload\" data-srcset=\"https:\/\/i0.wp.com\/elterritorialweb.com.ar\/web\/wp-content\/uploads\/2025\/04\/1000018953.jpg?resize=1024%2C682&amp;ssl=1 1024w, https:\/\/i0.wp.com\/elterritorialweb.com.ar\/web\/wp-content\/uploads\/2025\/04\/1000018953.jpg?resize=300%2C200&amp;ssl=1 300w, https:\/\/i0.wp.com\/elterritorialweb.com.ar\/web\/wp-content\/uploads\/2025\/04\/1000018953.jpg?resize=768%2C512&amp;ssl=1 768w, https:\/\/i0.wp.com\/elterritorialweb.com.ar\/web\/wp-content\/uploads\/2025\/04\/1000018953.jpg?resize=1536%2C1023&amp;ssl=1 1536w, https:\/\/i0.wp.com\/elterritorialweb.com.ar\/web\/wp-content\/uploads\/2025\/04\/1000018953.jpg?w=1600&amp;ssl=1 1600w, https:\/\/i0.wp.com\/elterritorialweb.com.ar\/web\/wp-content\/uploads\/2025\/04\/1000018953.jpg?w=1280 1280w\" data-sizes=\"(max-width: 640px) 100vw, 640px\" src=\"data:image\/svg+xml;base64,PHN2ZyB3aWR0aD0iMSIgaGVpZ2h0PSIxIiB4bWxucz0iaHR0cDovL3d3dy53My5vcmcvMjAwMC9zdmciPjwvc3ZnPg==\" style=\"--smush-placeholder-width: 640px; --smush-placeholder-aspect-ratio: 640\/426;\" \/><\/a><\/figure>\n\n\n\n<p>En el complemento, luego de revisar la jugada en el VAR, el \u00e1rbitro Mastr\u00e1ngelo decret\u00f3 penal para Central C\u00f3rdoba por una mano en el \u00e1rea de Gabriel Rojas a los 17 minutos. Pero, posteriormente, el encargado de ejecutar el tiro,&nbsp;<strong>Leonardo Heredia&nbsp;<\/strong>no pudo vencer a&nbsp;<strong>Gabriel Arias<\/strong>.<\/p>\n\n\n\n<p>Aunque el equipo \u201cFerroviario\u201d fue superior a la \u201cAcademia\u201d en el segundo tiempo, no pudo encontrar el empate que le permitiera llevarse un punto a Santiago del Estero.<\/p>\n\n\n\n<p>De esta forma, el equipo de Costas escal\u00f3 al&nbsp;<strong>quinto lugar de la Zona A con 22 puntos<\/strong>, mientras que Central C\u00f3rdoba se mantiene en el&nbsp;<strong>octavo puesto con 18 unidades<\/strong>.<\/p>\n\n\n\n<p><strong>S\u00cdNTESIS DEL PARTIDO<\/strong><\/p>\n\n\n\n<p><strong>Racing<\/strong> <strong>(1)<\/strong>: Gabriel Arias; Agust\u00edn Garc\u00eda Basso, Santiago Sosa, Marco di C\u00e9sare; Gabriel Rojas, Agust\u00edn Almendra, Bruno Zuculini, Facundo Mura; Luciano Vietto, Maximiliano Salas y Adri\u00e1n Mart\u00ednez.\u00a0<strong>DT: Gustavo Costas.<\/strong><\/p>\n\n\n\n<p><strong>Central C\u00f3rdoba (0)<\/strong>: Alan Aguerre;Yuri Casermeiro, Lucas Abascia, Lautaro Rivero, Fernando Mart\u00ednez; Sebasti\u00e1n Cristoforo, Jos\u00e9 Florent\u00edn; Nazareno Funez, Gonzalo Trindade, Nicol\u00e1s Quagliata; Leonardo Heredia.<strong>\u00a0DT: Omar de Felippe.<\/strong><\/p>\n\n\n\n<p><strong>Goles en el primer tiempo:&nbsp;<\/strong>45m. Bruno Zuculini (R).<\/p>\n\n\n\n<p><strong>Cambios en el segundo tiempo:&nbsp;<\/strong>0m.Luis Angulo por Nazareno Funez (CC) y Mat\u00edas Perello por Gonzalo Trindade (CC); 7m. Mart\u00edn Barrios por Bruno Zuculini (R); 21m. Mat\u00edas Zaracho por Agust\u00edn Almendra (R) y Adri\u00e1n Fern\u00e1ndez por Luciano Vietto (R); 24m. Gast\u00f3n Ver\u00f3n por Sebasti\u00e1n Crist\u00f3foro (CC); 38m. Santiago Solari por Adri\u00e1n Mart\u00ednez (R) y Adri\u00e1n Balboa por Maximiliano Salas (R); 39m. Dylan Glaby por Jos\u00e9 Florent\u00edn (CC).<\/p>\n\n\n\n<figure class=\"wp-block-embed is-type-video is-provider-youtube wp-block-embed-youtube wp-embed-aspect-16-9 wp-has-aspect-ratio\"><div class=\"wp-block-embed__wrapper\">\n<iframe title=\"ARIAS ATAJ\u00d3 UN PENAL Y RACING GAN\u00d3 PARA ACOMODARSE EN SU ZONA | Racing 1-0 C. C\u00f3rdoba | RESUMEN\" width=\"640\" height=\"360\" data-src=\"https:\/\/www.youtube.com\/embed\/bHHiC3a34hs?feature=oembed\" frameborder=\"0\" allow=\"accelerometer; autoplay; clipboard-write; encrypted-media; gyroscope; picture-in-picture; web-share\" referrerpolicy=\"strict-origin-when-cross-origin\" allowfullscreen src=\"data:image\/svg+xml;base64,PHN2ZyB3aWR0aD0iMSIgaGVpZ2h0PSIxIiB4bWxucz0iaHR0cDovL3d3dy53My5vcmcvMjAwMC9zdmciPjwvc3ZnPg==\" class=\"lazyload\" data-load-mode=\"1\"><\/iframe>\n<\/div><\/figure>\n","protected":false},"excerpt":{"rendered":"<p>A los 45 minutos, Bruno Zuculini puso en ventaja a la \u00abAcademia\u00bb y Leo Heredia tuvo el empate para el Ferro, pero Arias le detuvo el penal.<\/p>\n","protected":false},"author":2,"featured_media":74974,"comment_status":"open","ping_status":"open","sticky":false,"template":"","format":"standard","meta":{"om_disable_all_campaigns":false,"_monsterinsights_skip_tracking":false,"_monsterinsights_sitenote_active":false,"_monsterinsights_sitenote_note":"","_monsterinsights_sitenote_category":0,"_uf_show_specific_survey":0,"_uf_disable_surveys":false,"jetpack_post_was_ever_published":false,"_jetpack_newsletter_access":"","_jetpack_dont_email_post_to_subs":false,"_jetpack_newsletter_tier_id":0,"_jetpack_memberships_contains_paywalled_content":false,"_jetpack_memberships_contains_paid_content":false,"footnotes":"","jetpack_publicize_message":"","jetpack_publicize_feature_enabled":true,"jetpack_social_post_already_shared":false,"jetpack_social_options":{"image_generator_settings":{"template":"highway","enabled":false},"version":2}},"categories":[6,4],"tags":[69,104,496],"class_list":["post-74970","post","type-post","status-publish","format-standard","has-post-thumbnail","hentry","category-deportes","category-destacadas","tag-central-cordoba","tag-liga-profesional-de-futbol","tag-racing-club"],"aioseo_notices":[],"views":19,"jetpack_publicize_connections":[],"jetpack_featured_media_url":"https:\/\/i0.wp.com\/elterritorialweb.com.ar\/web\/wp-content\/uploads\/2025\/04\/IMG-20250418-WA0017-scaled.jpg?fit=2560%2C1708&ssl=1","jetpack_sharing_enabled":true,"_links":{"self":[{"href":"https:\/\/elterritorialweb.com.ar\/web\/wp-json\/wp\/v2\/posts\/74970","targetHints":{"allow":["GET"]}}],"collection":[{"href":"https:\/\/elterritorialweb.com.ar\/web\/wp-json\/wp\/v2\/posts"}],"about":[{"href":"https:\/\/elterritorialweb.com.ar\/web\/wp-json\/wp\/v2\/types\/post"}],"author":[{"embeddable":true,"href":"https:\/\/elterritorialweb.com.ar\/web\/wp-json\/wp\/v2\/users\/2"}],"replies":[{"embeddable":true,"href":"https:\/\/elterritorialweb.com.ar\/web\/wp-json\/wp\/v2\/comments?post=74970"}],"version-history":[{"count":3,"href":"https:\/\/elterritorialweb.com.ar\/web\/wp-json\/wp\/v2\/posts\/74970\/revisions"}],"predecessor-version":[{"id":74980,"href":"https:\/\/elterritorialweb.com.ar\/web\/wp-json\/wp\/v2\/posts\/74970\/revisions\/74980"}],"wp:featuredmedia":[{"embeddable":true,"href":"https:\/\/elterritorialweb.com.ar\/web\/wp-json\/wp\/v2\/media\/74974"}],"wp:attachment":[{"href":"https:\/\/elterritorialweb.com.ar\/web\/wp-json\/wp\/v2\/media?parent=74970"}],"wp:term":[{"taxonomy":"category","embeddable":true,"href":"https:\/\/elterritorialweb.com.ar\/web\/wp-json\/wp\/v2\/categories?post=74970"},{"taxonomy":"post_tag","embeddable":true,"href":"https:\/\/elterritorialweb.com.ar\/web\/wp-json\/wp\/v2\/tags?post=74970"}],"curies":[{"name":"wp","href":"https:\/\/api.w.org\/{rel}","templated":true}]}}