{"id":74982,"date":"2025-04-20T22:01:16","date_gmt":"2025-04-20T22:01:16","guid":{"rendered":"https:\/\/elterritorialweb.com.ar\/web\/?p=74982"},"modified":"2025-04-20T22:02:20","modified_gmt":"2025-04-20T22:02:20","slug":"caputo-viaja-a-washington-para-participar-de-reunionescon-el-fmi-y-el-banco-mundial","status":"publish","type":"post","link":"https:\/\/elterritorialweb.com.ar\/web\/caputo-viaja-a-washington-para-participar-de-reunionescon-el-fmi-y-el-banco-mundial\/","title":{"rendered":"CAPUTO VIAJA A WASHINGTON PARA PARTICIPAR DE REUNIONES CON EL FMI Y EL BANCO MUNDIAL"},"content":{"rendered":"\n<p>El ministro de Econom\u00eda, <strong>Luis Caputo<\/strong>, viajar\u00e1 esta semana a Washington para asistir a las Reuniones de Primavera<strong> <\/strong>del<strong> Fondo Monetario Internacional (FMI)<\/strong> y del <strong>Banco Mundial<\/strong>, en un contexto internacional marcado por tensiones comerciales y nuevas medidas proteccionistas impulsadas por <strong>Estados Unidos<\/strong>, que generan incertidumbre en los mercados globales.<\/p>\n\n\n\n<p>Ser\u00e1 la primera visita de Caputo al FMI sin la presi\u00f3n de una negociaci\u00f3n cr\u00edtica. A diferencia de ocasiones anteriores, ahora llega con el respaldo institucional del organismo, que avala el plan econ\u00f3mico del gobierno de <strong>Javier Milei<\/strong>. Ese apoyo se da luego del desembolso reciente de USD 20.000 millones por parte de los organismos multilaterales, que fortaleci\u00f3 las reservas y consolid\u00f3 el ajuste fiscal.<\/p>\n\n\n\n<p>Durante su estad\u00eda, Caputo mantendr\u00e1 reuniones con figuras clave del \u00e1mbito financiero internacional, como <strong>Kristalina Georgieva (FMI), Ajay Banga (Banco Mundial) e Ilan Goldfajn (Banco Interamericano de Desarrollo)<\/strong>. El objetivo ser\u00e1 agradecer el respaldo recibido, repasar los avances del plan econ\u00f3mico argentino y analizar los desaf\u00edos de la econom\u00eda mundial.<\/p>\n\n\n\n<p>Caputo tambi\u00e9n participar\u00e1 en actividades del <strong>G20<\/strong>, cuya presidencia este a\u00f1o ejerce Sud\u00e1frica. Se espera un ambiente tenso, debido a la pol\u00edtica comercial de Estados Unidos, que genera resistencia entre los pa\u00edses miembros, adem\u00e1s de las relaciones poco fluidas entre <strong>Washington<\/strong> y <strong>Pretoria<\/strong>.<\/p>\n\n\n\n<p>El ministro expondr\u00e1 adem\u00e1s en un encuentro privado con inversores internacionales organizado por <strong>JPMorgan<\/strong>, donde explicar\u00e1 los pilares del ajuste argentino, su sostenibilidad y los efectos que podr\u00eda tener sobre la econom\u00eda local la actual guerra arancelaria entre <strong>Estados Unidos<\/strong>, <strong>China<\/strong> y la <em>Uni\u00f3n Europea<\/em>.<\/p>\n\n\n\n<p>El equipo econ\u00f3mico estar\u00e1 integrado por <strong>Luis Bausili <\/strong>(presidente del Banco Central), <strong>Jos\u00e9 Luis Daza<\/strong> (secretario de Pol\u00edtica Econ\u00f3mica) y <strong>Pablo Quirno<\/strong> (secretario de Finanzas), quienes fueron parte central de la \u00faltima negociaci\u00f3n con el <strong>FMI<\/strong>.<\/p>\n\n\n\n<p>Adem\u00e1s, otros miembros del gabinete viajar\u00e1n a la capital estadounidense con agendas propias: <strong>Federico Sturzenegger<\/strong>, ministro de Desregulaci\u00f3n, participar\u00e1 de un panel sobre crecimiento econ\u00f3mico en tiempos de incertidumbre, y <strong>Patricia Bullrich<\/strong>, ministra de Seguridad, expondr\u00e1 sobre los v\u00ednculos entre el crimen transnacional y la econom\u00eda.<\/p>\n\n\n\n<p>Por el momento, desde el Gobierno no se confirm\u00f3 una reuni\u00f3n con funcionarios del Tesoro o del Departamento de Comercio de EE.UU., como Scott Bessent o Howard Lutnick, aunque se esperaba avanzar en temas comerciales y en una eventual ampliaci\u00f3n del acuerdo TIFA entre ambos pa\u00edses.<\/p>\n","protected":false},"excerpt":{"rendered":"<p>Ser\u00e1 la primera visita del ministro al organismo internacional despu\u00e9s del acuerdo.<\/p>\n","protected":false},"author":2,"featured_media":61823,"comment_status":"open","ping_status":"open","sticky":false,"template":"","format":"standard","meta":{"om_disable_all_campaigns":false,"_monsterinsights_skip_tracking":false,"_monsterinsights_sitenote_active":false,"_monsterinsights_sitenote_note":"","_monsterinsights_sitenote_category":0,"_uf_show_specific_survey":0,"_uf_disable_surveys":false,"jetpack_post_was_ever_published":false,"_jetpack_newsletter_access":"","_jetpack_dont_email_post_to_subs":false,"_jetpack_newsletter_tier_id":0,"_jetpack_memberships_contains_paywalled_content":false,"_jetpack_memberships_contains_paid_content":false,"footnotes":"","jetpack_publicize_message":"","jetpack_publicize_feature_enabled":true,"jetpack_social_post_already_shared":false,"jetpack_social_options":{"image_generator_settings":{"template":"highway","enabled":false},"version":2}},"categories":[4,7],"tags":[608,321,1283,801],"class_list":["post-74982","post","type-post","status-publish","format-standard","has-post-thumbnail","hentry","category-destacadas","category-nacionales","tag-banco-mundial","tag-fondo-monetario-internacional-fmi","tag-g20","tag-luis-caputo"],"aioseo_notices":[],"views":22,"jetpack_publicize_connections":[],"jetpack_featured_media_url":"https:\/\/i0.wp.com\/elterritorialweb.com.ar\/web\/wp-content\/uploads\/2023\/12\/LUIS-CAPUTO-DECRETO-1.webp?fit=940%2C535&ssl=1","jetpack_sharing_enabled":true,"_links":{"self":[{"href":"https:\/\/elterritorialweb.com.ar\/web\/wp-json\/wp\/v2\/posts\/74982","targetHints":{"allow":["GET"]}}],"collection":[{"href":"https:\/\/elterritorialweb.com.ar\/web\/wp-json\/wp\/v2\/posts"}],"about":[{"href":"https:\/\/elterritorialweb.com.ar\/web\/wp-json\/wp\/v2\/types\/post"}],"author":[{"embeddable":true,"href":"https:\/\/elterritorialweb.com.ar\/web\/wp-json\/wp\/v2\/users\/2"}],"replies":[{"embeddable":true,"href":"https:\/\/elterritorialweb.com.ar\/web\/wp-json\/wp\/v2\/comments?post=74982"}],"version-history":[{"count":3,"href":"https:\/\/elterritorialweb.com.ar\/web\/wp-json\/wp\/v2\/posts\/74982\/revisions"}],"predecessor-version":[{"id":74986,"href":"https:\/\/elterritorialweb.com.ar\/web\/wp-json\/wp\/v2\/posts\/74982\/revisions\/74986"}],"wp:featuredmedia":[{"embeddable":true,"href":"https:\/\/elterritorialweb.com.ar\/web\/wp-json\/wp\/v2\/media\/61823"}],"wp:attachment":[{"href":"https:\/\/elterritorialweb.com.ar\/web\/wp-json\/wp\/v2\/media?parent=74982"}],"wp:term":[{"taxonomy":"category","embeddable":true,"href":"https:\/\/elterritorialweb.com.ar\/web\/wp-json\/wp\/v2\/categories?post=74982"},{"taxonomy":"post_tag","embeddable":true,"href":"https:\/\/elterritorialweb.com.ar\/web\/wp-json\/wp\/v2\/tags?post=74982"}],"curies":[{"name":"wp","href":"https:\/\/api.w.org\/{rel}","templated":true}]}}