{"id":75172,"date":"2025-04-25T00:39:57","date_gmt":"2025-04-25T00:39:57","guid":{"rendered":"https:\/\/elterritorialweb.com.ar\/web\/?p=75172"},"modified":"2025-04-25T00:39:59","modified_gmt":"2025-04-25T00:39:59","slug":"central-cordoba-le-gano-a-deportivo-tachira-y-es-lider-del-grupo-c-de-la-copa-libertadores","status":"publish","type":"post","link":"https:\/\/elterritorialweb.com.ar\/web\/central-cordoba-le-gano-a-deportivo-tachira-y-es-lider-del-grupo-c-de-la-copa-libertadores\/","title":{"rendered":"CENTRAL C\u00d3RDOBA LE GAN\u00d3 A DEPORTIVO T\u00c1CHIRA Y ES LIDER DEL GRUPO C DE LA COPA LIBERTADORES"},"content":{"rendered":"\n<p><strong>Central C\u00f3rdoba<\/strong>&nbsp;derrot\u00f3 a&nbsp;<strong>Deportivo T\u00e1chira<\/strong>&nbsp;por 2 a 1 al termin\u00f3 del partido que disputaron esta noche, en el estadio&nbsp;<strong>Madre de Ciudades<\/strong>, por la tercera fecha del Grupo C de la&nbsp;<strong>Copa Libertadores 2025<\/strong>.<\/p>\n\n\n\n<p>El equipo local se puso en ventaja con los goles del delantero&nbsp;<strong>Luis Angulo<\/strong>&nbsp;y el mediocampista&nbsp;<strong>Nicol\u00e1s Quagliata<\/strong>, a los 3 y 19 minutos, mientras que los venezolanos descontaron a los 37 minutos, con gol del volante&nbsp;<strong>Juan Manuel Requena<\/strong>.<\/p>\n\n\n\n<p>Consumado el triunfo, Central C\u00f3rdoba cerr\u00f3 la tercera fecha liderando el Grupo C con siete unidades, mientras que su rival marcha \u00faltimo y no tiene puntos.<\/p>\n\n\n\n<p>En la pr\u00f3xima fecha, el \u201c<strong>Ferroviario<\/strong>\u201d recibir\u00e1 a&nbsp;<strong>Flamengo<\/strong>&nbsp;de Brasil, en la jornada del&nbsp;<strong>mi\u00e9rcoles 7 de mayo<\/strong>&nbsp;a las 21:30 horas, mientras que T\u00e1chira recibir\u00e1 a&nbsp;<strong>Liga de Quito<\/strong>&nbsp;de Ecuador.<\/p>\n\n\n\n<figure class=\"wp-block-image size-large\"><a href=\"https:\/\/i0.wp.com\/elterritorialweb.com.ar\/web\/wp-content\/uploads\/2025\/04\/IMG-20250424-WA0022-scaled.jpg\"><img data-recalc-dims=\"1\" decoding=\"async\" width=\"640\" height=\"444\" data-src=\"https:\/\/i0.wp.com\/elterritorialweb.com.ar\/web\/wp-content\/uploads\/2025\/04\/IMG-20250424-WA0022.jpg?resize=640%2C444\" alt=\"\" class=\"wp-image-75175 lazyload\" data-srcset=\"https:\/\/i0.wp.com\/elterritorialweb.com.ar\/web\/wp-content\/uploads\/2025\/04\/IMG-20250424-WA0022-scaled.jpg?resize=1024%2C710&amp;ssl=1 1024w, https:\/\/i0.wp.com\/elterritorialweb.com.ar\/web\/wp-content\/uploads\/2025\/04\/IMG-20250424-WA0022-scaled.jpg?resize=300%2C208&amp;ssl=1 300w, https:\/\/i0.wp.com\/elterritorialweb.com.ar\/web\/wp-content\/uploads\/2025\/04\/IMG-20250424-WA0022-scaled.jpg?resize=768%2C533&amp;ssl=1 768w, https:\/\/i0.wp.com\/elterritorialweb.com.ar\/web\/wp-content\/uploads\/2025\/04\/IMG-20250424-WA0022-scaled.jpg?resize=1536%2C1066&amp;ssl=1 1536w, https:\/\/i0.wp.com\/elterritorialweb.com.ar\/web\/wp-content\/uploads\/2025\/04\/IMG-20250424-WA0022-scaled.jpg?resize=2048%2C1421&amp;ssl=1 2048w, https:\/\/i0.wp.com\/elterritorialweb.com.ar\/web\/wp-content\/uploads\/2025\/04\/IMG-20250424-WA0022-scaled.jpg?w=1280 1280w, https:\/\/i0.wp.com\/elterritorialweb.com.ar\/web\/wp-content\/uploads\/2025\/04\/IMG-20250424-WA0022-scaled.jpg?w=1920 1920w\" data-sizes=\"(max-width: 640px) 100vw, 640px\" src=\"data:image\/svg+xml;base64,PHN2ZyB3aWR0aD0iMSIgaGVpZ2h0PSIxIiB4bWxucz0iaHR0cDovL3d3dy53My5vcmcvMjAwMC9zdmciPjwvc3ZnPg==\" style=\"--smush-placeholder-width: 640px; --smush-placeholder-aspect-ratio: 640\/444;\" \/><\/a><\/figure>\n\n\n\n<p>El arranque de partido de Central C\u00f3rdoba fue abrumador. A los tres minutos, en su primera llegada del partido, el equipo de&nbsp;<strong>Omar de Felippe<\/strong>&nbsp;convirti\u00f3 el primer gol, con un desborde por derecha del extremo&nbsp;<strong>Mat\u00edas Perello<\/strong>, que puso el centro atr\u00e1s para que Angulo empuje al gol.<\/p>\n\n\n\n<p>Tres minutos m\u00e1s tarde, un pase filtrado del delantero&nbsp;<strong>Leonardo Heredia<\/strong>&nbsp;habilit\u00f3 a Perello, que volvi\u00f3 a escapar por el lado derecho pero esta vez busc\u00f3 un remate bajo y cruzado que pas\u00f3 cerca del segundo palo.<\/p>\n\n\n\n<p>A los 12 minutos de la primera parte, el lateral&nbsp;<strong>Braian Cufr\u00e9<\/strong>&nbsp;puso un centro desde el costado izquierdo al primer palo, que fue cabeceado por Perello y controlado por el arquero&nbsp;<strong>Jes\u00fas Camargo<\/strong>&nbsp;sin dar rebote.<\/p>\n\n\n\n<p>Tres minutos despu\u00e9s se repiti\u00f3 la f\u00f3rmula, un nuevo centro de Cufr\u00e9 busc\u00f3 la cabeza del delantero prestado por&nbsp;<strong>Argentinos Juniors<\/strong>, cuyo remate dio, esta vez, en el travesa\u00f1o.<\/p>\n\n\n\n<figure class=\"wp-block-image size-large\"><a href=\"https:\/\/i0.wp.com\/elterritorialweb.com.ar\/web\/wp-content\/uploads\/2025\/04\/IMG-20250424-WA0021-scaled.jpg\"><img data-recalc-dims=\"1\" decoding=\"async\" width=\"640\" height=\"427\" data-src=\"https:\/\/i0.wp.com\/elterritorialweb.com.ar\/web\/wp-content\/uploads\/2025\/04\/IMG-20250424-WA0021.jpg?resize=640%2C427\" alt=\"\" class=\"wp-image-75174 lazyload\" data-srcset=\"https:\/\/i0.wp.com\/elterritorialweb.com.ar\/web\/wp-content\/uploads\/2025\/04\/IMG-20250424-WA0021-scaled.jpg?resize=1024%2C683&amp;ssl=1 1024w, https:\/\/i0.wp.com\/elterritorialweb.com.ar\/web\/wp-content\/uploads\/2025\/04\/IMG-20250424-WA0021-scaled.jpg?resize=300%2C200&amp;ssl=1 300w, https:\/\/i0.wp.com\/elterritorialweb.com.ar\/web\/wp-content\/uploads\/2025\/04\/IMG-20250424-WA0021-scaled.jpg?resize=768%2C512&amp;ssl=1 768w, https:\/\/i0.wp.com\/elterritorialweb.com.ar\/web\/wp-content\/uploads\/2025\/04\/IMG-20250424-WA0021-scaled.jpg?resize=1536%2C1024&amp;ssl=1 1536w, https:\/\/i0.wp.com\/elterritorialweb.com.ar\/web\/wp-content\/uploads\/2025\/04\/IMG-20250424-WA0021-scaled.jpg?resize=2048%2C1365&amp;ssl=1 2048w, https:\/\/i0.wp.com\/elterritorialweb.com.ar\/web\/wp-content\/uploads\/2025\/04\/IMG-20250424-WA0021-scaled.jpg?w=1280 1280w, https:\/\/i0.wp.com\/elterritorialweb.com.ar\/web\/wp-content\/uploads\/2025\/04\/IMG-20250424-WA0021-scaled.jpg?w=1920 1920w\" data-sizes=\"(max-width: 640px) 100vw, 640px\" src=\"data:image\/svg+xml;base64,PHN2ZyB3aWR0aD0iMSIgaGVpZ2h0PSIxIiB4bWxucz0iaHR0cDovL3d3dy53My5vcmcvMjAwMC9zdmciPjwvc3ZnPg==\" style=\"--smush-placeholder-width: 640px; --smush-placeholder-aspect-ratio: 640\/427;\" \/><\/a><\/figure>\n\n\n\n<p>En 19 minutos, el \u201cFerroviario\u201d pudo ampliar la ventaja. Un Perello imparable puso un centro al primer palo desde el costado derecho que fue cabeceado por el mediocampista&nbsp;<strong>Nicol\u00e1s Quagliata<\/strong>, que busc\u00f3 el segundo poste y marc\u00f3 el 2-0.<\/p>\n\n\n\n<p>Con pocos ataques de peligro en toda la primera parte, T\u00e1chira se qued\u00f3 con el descuento a los 37 minutos. Un tiro libre del mediocampista&nbsp;<strong>Maurice Cova<\/strong>&nbsp;cay\u00f3 en forma de centro al segundo palo, permitiendo el cabezazo del volante argentino&nbsp;<strong>Juan Manuel Requena<\/strong>, autor del tercer gol de la noche.<\/p>\n\n\n\n<p>La primera clara del segundo tiempo fue en favor del local, a los 15 minutos, con un centro desde la izquierda de Cufr\u00e9 que, tras el despeje de la defensa venezolana, fue rematado de volea por&nbsp;<strong>Heredia<\/strong>&nbsp;desde el costado izquierdo del \u00e1rea, con un remate al segundo palo que fue desviado por&nbsp;<strong>Camargo<\/strong>.<\/p>\n\n\n\n<p>En 21 minutos del complemento, una gran jugada colectiva del \u201cFerroviario\u201d termin\u00f3 en un pase filtrado del volante&nbsp;<strong>Dylan Glaby<\/strong>&nbsp;para el mediocampista&nbsp;<strong>C\u00e9sar Florent\u00edn<\/strong>, que se desprendi\u00f3 por el medio y qued\u00f3 mano a mano con&nbsp;<strong>Camargo<\/strong>, quien achic\u00f3 a tiempo y desbarat\u00f3 una jugada de mucho peligro.<\/p>\n\n\n\n<figure class=\"wp-block-image size-large\"><a href=\"https:\/\/i0.wp.com\/elterritorialweb.com.ar\/web\/wp-content\/uploads\/2025\/04\/IMG-20250424-WA0027-scaled.jpg\"><img data-recalc-dims=\"1\" decoding=\"async\" width=\"640\" height=\"427\" data-src=\"https:\/\/i0.wp.com\/elterritorialweb.com.ar\/web\/wp-content\/uploads\/2025\/04\/IMG-20250424-WA0027.jpg?resize=640%2C427\" alt=\"\" class=\"wp-image-75176 lazyload\" data-srcset=\"https:\/\/i0.wp.com\/elterritorialweb.com.ar\/web\/wp-content\/uploads\/2025\/04\/IMG-20250424-WA0027-scaled.jpg?resize=1024%2C683&amp;ssl=1 1024w, https:\/\/i0.wp.com\/elterritorialweb.com.ar\/web\/wp-content\/uploads\/2025\/04\/IMG-20250424-WA0027-scaled.jpg?resize=300%2C200&amp;ssl=1 300w, https:\/\/i0.wp.com\/elterritorialweb.com.ar\/web\/wp-content\/uploads\/2025\/04\/IMG-20250424-WA0027-scaled.jpg?resize=768%2C512&amp;ssl=1 768w, https:\/\/i0.wp.com\/elterritorialweb.com.ar\/web\/wp-content\/uploads\/2025\/04\/IMG-20250424-WA0027-scaled.jpg?resize=1536%2C1024&amp;ssl=1 1536w, https:\/\/i0.wp.com\/elterritorialweb.com.ar\/web\/wp-content\/uploads\/2025\/04\/IMG-20250424-WA0027-scaled.jpg?resize=2048%2C1365&amp;ssl=1 2048w, https:\/\/i0.wp.com\/elterritorialweb.com.ar\/web\/wp-content\/uploads\/2025\/04\/IMG-20250424-WA0027-scaled.jpg?w=1280 1280w, https:\/\/i0.wp.com\/elterritorialweb.com.ar\/web\/wp-content\/uploads\/2025\/04\/IMG-20250424-WA0027-scaled.jpg?w=1920 1920w\" data-sizes=\"(max-width: 640px) 100vw, 640px\" src=\"data:image\/svg+xml;base64,PHN2ZyB3aWR0aD0iMSIgaGVpZ2h0PSIxIiB4bWxucz0iaHR0cDovL3d3dy53My5vcmcvMjAwMC9zdmciPjwvc3ZnPg==\" style=\"--smush-placeholder-width: 640px; --smush-placeholder-aspect-ratio: 640\/427;\" \/><\/a><\/figure>\n\n\n\n<p>La primera llegada de la visita en el complemento fue a los 37 minutos, con un centro desde la derecha de&nbsp;<strong>Cova<\/strong>&nbsp;que fue rematado de volea por el defensor argentino&nbsp;<strong>Marcos Maidana<\/strong>, cuyo zurdazo se fue desviado por encima del horizontal.<\/p>\n\n\n\n<p>La \u00faltima jugada de peligro fue para el local, en el segundo minuto de descuento, con una gran jugada individual del delantero&nbsp;<strong>Gast\u00f3n Ver\u00f3n<\/strong>, con dos enganches sobre el costado izquierdo del \u00e1rea, pero su remate cruzado se fue ancho.<\/p>\n","protected":false},"excerpt":{"rendered":"<p>Claro, aqu\u00ed ten\u00e9s un copete posible:<\/p>\n<p>El equipo ferroviario se impuso 2 a 1 al elenco venezolano en el Estadio Madre de Ciudades y qued\u00f3 como \u00fanico puntero de su grupo en la Copa Libertadores 2025.<\/p>\n","protected":false},"author":2,"featured_media":75173,"comment_status":"open","ping_status":"open","sticky":false,"template":"","format":"standard","meta":{"om_disable_all_campaigns":false,"_monsterinsights_skip_tracking":false,"_monsterinsights_sitenote_active":false,"_monsterinsights_sitenote_note":"","_monsterinsights_sitenote_category":0,"_uf_show_specific_survey":0,"_uf_disable_surveys":false,"jetpack_post_was_ever_published":false,"_jetpack_newsletter_access":"","_jetpack_dont_email_post_to_subs":false,"_jetpack_newsletter_tier_id":0,"_jetpack_memberships_contains_paywalled_content":false,"_jetpack_memberships_contains_paid_content":false,"footnotes":"","jetpack_publicize_message":"","jetpack_publicize_feature_enabled":true,"jetpack_social_post_already_shared":false,"jetpack_social_options":{"image_generator_settings":{"template":"highway","enabled":false},"version":2}},"categories":[6,4],"tags":[69,194,1293],"class_list":["post-75172","post","type-post","status-publish","format-standard","has-post-thumbnail","hentry","category-deportes","category-destacadas","tag-central-cordoba","tag-copa-libertadores","tag-deportivo-tachira"],"aioseo_notices":[],"views":13,"jetpack_publicize_connections":[],"jetpack_featured_media_url":"https:\/\/i0.wp.com\/elterritorialweb.com.ar\/web\/wp-content\/uploads\/2025\/04\/IMG-20250424-WA0016.jpg?fit=1280%2C852&ssl=1","jetpack_sharing_enabled":true,"_links":{"self":[{"href":"https:\/\/elterritorialweb.com.ar\/web\/wp-json\/wp\/v2\/posts\/75172","targetHints":{"allow":["GET"]}}],"collection":[{"href":"https:\/\/elterritorialweb.com.ar\/web\/wp-json\/wp\/v2\/posts"}],"about":[{"href":"https:\/\/elterritorialweb.com.ar\/web\/wp-json\/wp\/v2\/types\/post"}],"author":[{"embeddable":true,"href":"https:\/\/elterritorialweb.com.ar\/web\/wp-json\/wp\/v2\/users\/2"}],"replies":[{"embeddable":true,"href":"https:\/\/elterritorialweb.com.ar\/web\/wp-json\/wp\/v2\/comments?post=75172"}],"version-history":[{"count":2,"href":"https:\/\/elterritorialweb.com.ar\/web\/wp-json\/wp\/v2\/posts\/75172\/revisions"}],"predecessor-version":[{"id":75178,"href":"https:\/\/elterritorialweb.com.ar\/web\/wp-json\/wp\/v2\/posts\/75172\/revisions\/75178"}],"wp:featuredmedia":[{"embeddable":true,"href":"https:\/\/elterritorialweb.com.ar\/web\/wp-json\/wp\/v2\/media\/75173"}],"wp:attachment":[{"href":"https:\/\/elterritorialweb.com.ar\/web\/wp-json\/wp\/v2\/media?parent=75172"}],"wp:term":[{"taxonomy":"category","embeddable":true,"href":"https:\/\/elterritorialweb.com.ar\/web\/wp-json\/wp\/v2\/categories?post=75172"},{"taxonomy":"post_tag","embeddable":true,"href":"https:\/\/elterritorialweb.com.ar\/web\/wp-json\/wp\/v2\/tags?post=75172"}],"curies":[{"name":"wp","href":"https:\/\/api.w.org\/{rel}","templated":true}]}}