{"id":75350,"date":"2025-04-29T20:48:30","date_gmt":"2025-04-29T20:48:30","guid":{"rendered":"https:\/\/elterritorialweb.com.ar\/web\/?p=75350"},"modified":"2025-04-29T20:48:33","modified_gmt":"2025-04-29T20:48:33","slug":"el-31-festival-de-la-tradicion-de-villa-robles-se-prepara-para-abrir-sus-puertas-este-1-de-mayo","status":"publish","type":"post","link":"https:\/\/elterritorialweb.com.ar\/web\/el-31-festival-de-la-tradicion-de-villa-robles-se-prepara-para-abrir-sus-puertas-este-1-de-mayo\/","title":{"rendered":"EL 31\u00b0 FESTIVAL DE LA TRADICI\u00d3N DE VILLA ROBLES SE PREPARA PARA ABRIR SUS PUERTAS ESTE 1 DE MAYO"},"content":{"rendered":"\n<p>Los responsables de la organizaci\u00f3n invitaron a todas las familias a disfrutar de las jineteadas, destrezas criollas, carreras cuadreras y la exhibici\u00f3n de las agrupaciones gauchas, academias de danzas, artesanos y la venta de comidas regionales.<\/p>\n\n\n\n<p>La secretaria de la Agrupaci\u00f3n Tradicionalista Villa Robles, Mariela Corbal\u00e1n, agradeci\u00f3 al Gobierno provincial por el apoyo de todos los a\u00f1os para seguir promoviendo la cultura de Santiago del Estero en este evento que comenzar\u00e1 oficialmente a las 9, con el acto protocolar con la presencia de autoridades e invitados especiales.<\/p>\n\n\n\n<figure class=\"wp-block-image size-large\"><a href=\"https:\/\/i0.wp.com\/elterritorialweb.com.ar\/web\/wp-content\/uploads\/2025\/04\/IMG-20250429-WA0049.jpg\"><img data-recalc-dims=\"1\" decoding=\"async\" width=\"640\" height=\"415\" data-src=\"https:\/\/i0.wp.com\/elterritorialweb.com.ar\/web\/wp-content\/uploads\/2025\/04\/IMG-20250429-WA0049.jpg?resize=640%2C415\" alt=\"\" class=\"wp-image-75352 lazyload\" data-srcset=\"https:\/\/i0.wp.com\/elterritorialweb.com.ar\/web\/wp-content\/uploads\/2025\/04\/IMG-20250429-WA0049.jpg?resize=1024%2C664&amp;ssl=1 1024w, https:\/\/i0.wp.com\/elterritorialweb.com.ar\/web\/wp-content\/uploads\/2025\/04\/IMG-20250429-WA0049.jpg?resize=300%2C194&amp;ssl=1 300w, https:\/\/i0.wp.com\/elterritorialweb.com.ar\/web\/wp-content\/uploads\/2025\/04\/IMG-20250429-WA0049.jpg?resize=768%2C498&amp;ssl=1 768w, https:\/\/i0.wp.com\/elterritorialweb.com.ar\/web\/wp-content\/uploads\/2025\/04\/IMG-20250429-WA0049.jpg?resize=1536%2C995&amp;ssl=1 1536w, https:\/\/i0.wp.com\/elterritorialweb.com.ar\/web\/wp-content\/uploads\/2025\/04\/IMG-20250429-WA0049.jpg?resize=2048%2C1327&amp;ssl=1 2048w, https:\/\/i0.wp.com\/elterritorialweb.com.ar\/web\/wp-content\/uploads\/2025\/04\/IMG-20250429-WA0049.jpg?w=1280 1280w, https:\/\/i0.wp.com\/elterritorialweb.com.ar\/web\/wp-content\/uploads\/2025\/04\/IMG-20250429-WA0049.jpg?w=1920 1920w\" data-sizes=\"(max-width: 640px) 100vw, 640px\" src=\"data:image\/svg+xml;base64,PHN2ZyB3aWR0aD0iMSIgaGVpZ2h0PSIxIiB4bWxucz0iaHR0cDovL3d3dy53My5vcmcvMjAwMC9zdmciPjwvc3ZnPg==\" style=\"--smush-placeholder-width: 640px; --smush-placeholder-aspect-ratio: 640\/415;\" \/><\/a><\/figure>\n\n\n\n<p>En cuanto a la parte art\u00edstica, dijo que actuar\u00e1n el Grupo Sue\u00f1os Salamanqueros, el Grupo Quimil; Federico D\u00edaz con todo el chamam\u00e9, Marcelo Toledo y Gallito T\u00e9vez, para culminar los festejos en el D\u00eda del Trabajador se presentar\u00e1 en el escenario un show especial de Alejandro Veliz.<\/p>\n","protected":false},"excerpt":{"rendered":"<p>Como todos los a\u00f1os, Villa Robles abrir\u00e1 sus puertas este 1 de enero para una nueva edici\u00f3n del Festival de la Tradici\u00f3n Gaucha y Cultura Popular, a partir de las 9 en el predio de la Agrupaci\u00f3n Tradicionalista.<\/p>\n","protected":false},"author":2,"featured_media":75351,"comment_status":"open","ping_status":"open","sticky":false,"template":"","format":"standard","meta":{"om_disable_all_campaigns":false,"_monsterinsights_skip_tracking":false,"_monsterinsights_sitenote_active":false,"_monsterinsights_sitenote_note":"","_monsterinsights_sitenote_category":0,"_uf_show_specific_survey":0,"_uf_disable_surveys":false,"jetpack_post_was_ever_published":false,"_jetpack_newsletter_access":"","_jetpack_dont_email_post_to_subs":false,"_jetpack_newsletter_tier_id":0,"_jetpack_memberships_contains_paywalled_content":false,"_jetpack_memberships_contains_paid_content":false,"footnotes":"","jetpack_publicize_message":"","jetpack_publicize_feature_enabled":true,"jetpack_social_post_already_shared":false,"jetpack_social_options":{"image_generator_settings":{"template":"highway","enabled":false},"version":2}},"categories":[4,20],"tags":[1304],"class_list":["post-75350","post","type-post","status-publish","format-standard","has-post-thumbnail","hentry","category-destacadas","category-especysociales","tag-festival-de-la-tradicion-gaucha-y-cultura-popular"],"aioseo_notices":[],"views":45,"jetpack_publicize_connections":[],"jetpack_featured_media_url":"https:\/\/i0.wp.com\/elterritorialweb.com.ar\/web\/wp-content\/uploads\/2025\/04\/IMG-20250429-WA0048.jpg?fit=2560%2C1706&ssl=1","jetpack_sharing_enabled":true,"_links":{"self":[{"href":"https:\/\/elterritorialweb.com.ar\/web\/wp-json\/wp\/v2\/posts\/75350","targetHints":{"allow":["GET"]}}],"collection":[{"href":"https:\/\/elterritorialweb.com.ar\/web\/wp-json\/wp\/v2\/posts"}],"about":[{"href":"https:\/\/elterritorialweb.com.ar\/web\/wp-json\/wp\/v2\/types\/post"}],"author":[{"embeddable":true,"href":"https:\/\/elterritorialweb.com.ar\/web\/wp-json\/wp\/v2\/users\/2"}],"replies":[{"embeddable":true,"href":"https:\/\/elterritorialweb.com.ar\/web\/wp-json\/wp\/v2\/comments?post=75350"}],"version-history":[{"count":2,"href":"https:\/\/elterritorialweb.com.ar\/web\/wp-json\/wp\/v2\/posts\/75350\/revisions"}],"predecessor-version":[{"id":75354,"href":"https:\/\/elterritorialweb.com.ar\/web\/wp-json\/wp\/v2\/posts\/75350\/revisions\/75354"}],"wp:featuredmedia":[{"embeddable":true,"href":"https:\/\/elterritorialweb.com.ar\/web\/wp-json\/wp\/v2\/media\/75351"}],"wp:attachment":[{"href":"https:\/\/elterritorialweb.com.ar\/web\/wp-json\/wp\/v2\/media?parent=75350"}],"wp:term":[{"taxonomy":"category","embeddable":true,"href":"https:\/\/elterritorialweb.com.ar\/web\/wp-json\/wp\/v2\/categories?post=75350"},{"taxonomy":"post_tag","embeddable":true,"href":"https:\/\/elterritorialweb.com.ar\/web\/wp-json\/wp\/v2\/tags?post=75350"}],"curies":[{"name":"wp","href":"https:\/\/api.w.org\/{rel}","templated":true}]}}