{"id":75355,"date":"2025-04-29T21:03:03","date_gmt":"2025-04-29T21:03:03","guid":{"rendered":"https:\/\/elterritorialweb.com.ar\/web\/?p=75355"},"modified":"2025-04-29T21:03:05","modified_gmt":"2025-04-29T21:03:05","slug":"un-medico-responsabilizo-a-luque-y-cosachov-por-la-externacion-de-maradona","status":"publish","type":"post","link":"https:\/\/elterritorialweb.com.ar\/web\/un-medico-responsabilizo-a-luque-y-cosachov-por-la-externacion-de-maradona\/","title":{"rendered":"UN M\u00c9DICO RESPONSABILIZ\u00d3 A LUQUE Y COSACHOV POR LA EXTERNACI\u00d3N DE MARADONA"},"content":{"rendered":"\n<p>El jefe de la Unidad de Terapia Intensiva de la Cl\u00ednica Olivos<strong>&nbsp;responsabiliz\u00f3 hoy al neurocirujano Leopoldo Luque y la psiquiatra Agustina Cosachov por el traslado de Diego Armando Maradona a la residencia del barrio cerrado San Andr\u00e9s<\/strong>, en la localidad bonaerense de Benav\u00eddez.<\/p>\n\n\n\n<p>Fuentes judiciales informaron\u00a0que<strong>\u00a0Fernando Villarejo<\/strong>\u00a0consider\u00f3 que\u00a0<strong>\u00abdeb\u00eda hacerse otra cosa\u00bb<\/strong>\u00a0luego de que el astro sea intervenido quir\u00fargicamente por el hematoma subdural.<\/p>\n\n\n\n<p><strong>\u00abMaradona present\u00f3 un s\u00edndrome de abstinencia en el posoperatorio y yo recomend\u00e9 no sedarlo, pero Luque opt\u00f3 lo contrario. Diego estuvo sedado 24 horas y le fueron bajando la dosis hasta llegar a la externaci\u00f3n\u00bb<\/strong>, se\u00f1al\u00f3 Villarejo durante su testimonial en el Tribunal Oral en lo Criminal (TOC) N\u00b03 de San Isidro.<\/p>\n\n\n\n<p>En este contexto, el facultativo explic\u00f3 que el ex jugador de Boca y la Selecci\u00f3n argentina \u00abdeb\u00eda continuar el tratamiento en otro centro de rehabilitaci\u00f3n\u00bb, a la vez que agreg\u00f3:&nbsp;<strong>\u00abEra un paciente muy especial y era dif\u00edcil dominarlo. Se hac\u00eda lo que \u00e9l quer\u00eda\u00bb.<\/strong><\/p>\n\n\n\n<p>Adem\u00e1s, se mostr\u00f3&nbsp;<strong>\u00abarrepentido\u00bb<\/strong>&nbsp;de atender al ex entrenador de Dorados de Sinaloa y Gimnasia Esgrima La Plata porque&nbsp;<strong>\u00able dieron muchas concesiones\u00bb<\/strong>&nbsp;durante su estad\u00eda en la Cl\u00ednica Olivos como por ejemplo \u00ablas visitas en medio de la cuarentena por el coronavirus con restricciones que no se cumplieron\u00bb por parte del sanatorio. &nbsp; &nbsp;&nbsp;<\/p>\n","protected":false},"excerpt":{"rendered":"<p>Se trata de Fernando Villarejo que declar\u00f3 hoy en el juicio por la muerte del \u00abDiez\u00bb.<\/p>\n","protected":false},"author":2,"featured_media":75356,"comment_status":"open","ping_status":"open","sticky":false,"template":"","format":"standard","meta":{"om_disable_all_campaigns":false,"_monsterinsights_skip_tracking":false,"_monsterinsights_sitenote_active":false,"_monsterinsights_sitenote_note":"","_monsterinsights_sitenote_category":0,"_uf_show_specific_survey":0,"_uf_disable_surveys":false,"jetpack_post_was_ever_published":false,"_jetpack_newsletter_access":"","_jetpack_dont_email_post_to_subs":false,"_jetpack_newsletter_tier_id":0,"_jetpack_memberships_contains_paywalled_content":false,"_jetpack_memberships_contains_paid_content":false,"footnotes":"","jetpack_publicize_message":"","jetpack_publicize_feature_enabled":true,"jetpack_social_post_already_shared":false,"jetpack_social_options":{"image_generator_settings":{"template":"highway","enabled":false},"version":2}},"categories":[4,7],"tags":[1308,1305,1306,1307],"class_list":["post-75355","post","type-post","status-publish","format-standard","has-post-thumbnail","hentry","category-destacadas","category-nacionales","tag-agustina-cosachov","tag-diego-armando-maradona","tag-juicio","tag-leopoldo-luque"],"aioseo_notices":[],"views":29,"jetpack_publicize_connections":[],"jetpack_featured_media_url":"https:\/\/i0.wp.com\/elterritorialweb.com.ar\/web\/wp-content\/uploads\/2025\/04\/f414x232-1740305_1754044_5050.webp?fit=414%2C232&ssl=1","jetpack_sharing_enabled":true,"_links":{"self":[{"href":"https:\/\/elterritorialweb.com.ar\/web\/wp-json\/wp\/v2\/posts\/75355","targetHints":{"allow":["GET"]}}],"collection":[{"href":"https:\/\/elterritorialweb.com.ar\/web\/wp-json\/wp\/v2\/posts"}],"about":[{"href":"https:\/\/elterritorialweb.com.ar\/web\/wp-json\/wp\/v2\/types\/post"}],"author":[{"embeddable":true,"href":"https:\/\/elterritorialweb.com.ar\/web\/wp-json\/wp\/v2\/users\/2"}],"replies":[{"embeddable":true,"href":"https:\/\/elterritorialweb.com.ar\/web\/wp-json\/wp\/v2\/comments?post=75355"}],"version-history":[{"count":2,"href":"https:\/\/elterritorialweb.com.ar\/web\/wp-json\/wp\/v2\/posts\/75355\/revisions"}],"predecessor-version":[{"id":75358,"href":"https:\/\/elterritorialweb.com.ar\/web\/wp-json\/wp\/v2\/posts\/75355\/revisions\/75358"}],"wp:featuredmedia":[{"embeddable":true,"href":"https:\/\/elterritorialweb.com.ar\/web\/wp-json\/wp\/v2\/media\/75356"}],"wp:attachment":[{"href":"https:\/\/elterritorialweb.com.ar\/web\/wp-json\/wp\/v2\/media?parent=75355"}],"wp:term":[{"taxonomy":"category","embeddable":true,"href":"https:\/\/elterritorialweb.com.ar\/web\/wp-json\/wp\/v2\/categories?post=75355"},{"taxonomy":"post_tag","embeddable":true,"href":"https:\/\/elterritorialweb.com.ar\/web\/wp-json\/wp\/v2\/tags?post=75355"}],"curies":[{"name":"wp","href":"https:\/\/api.w.org\/{rel}","templated":true}]}}