{"id":75359,"date":"2025-04-30T12:36:27","date_gmt":"2025-04-30T12:36:27","guid":{"rendered":"https:\/\/elterritorialweb.com.ar\/web\/?p=75359"},"modified":"2025-04-30T12:36:31","modified_gmt":"2025-04-30T12:36:31","slug":"no-hubo-acuerdo-entre-el-gobierno-y-el-consejo-del-salario-minimo-vital-y-movil","status":"publish","type":"post","link":"https:\/\/elterritorialweb.com.ar\/web\/no-hubo-acuerdo-entre-el-gobierno-y-el-consejo-del-salario-minimo-vital-y-movil\/","title":{"rendered":"NO HUBO ACUERDO ENTRE EL GOBIERNO Y EL CONSEJO DEL SALARIO M\u00cdNIMO, VITAL Y M\u00d3VIL"},"content":{"rendered":"\n<p><strong>El Gobierno de Javier Milei no lleg\u00f3 a un acuerdo con el Consejo del Salario M\u00ednimo, Vital y M\u00f3vil, luego de haberse reunido hoy con el objetivo de definir un nuevo piso salarial.<\/strong><\/p>\n\n\n\n<p>Luego de no haber tenido \u00e9xito en la reuni\u00f3n,\u00a0la administraci\u00f3n libertaria ser\u00e1 quien defina el n\u00famero final.<\/p>\n\n\n\n<p>El Consejo hab\u00eda solicitado un Salario M\u00ednimo, Vital y M\u00f3vil (SMVM) de $644.165 para abril y de $657.703 para mayo.<\/p>\n\n\n\n<p>Del lado del empresariado ofrecieron $301.500 para abril, $306.500 para mayo y $311.500 para junio.&nbsp;<strong>Estos aumentos significan una suba de 1,3%&nbsp;<\/strong>respecto de la cifra actual de $296.832.<\/p>\n\n\n\n<p>Ante la falta de acuerdo entre ambas partes,&nbsp;el Consejo pidi\u00f3 que se termine con la virtualidad y, de no ser as\u00ed, en la pr\u00f3xima convocatoria ir\u00e1n al edificio de la Secretar\u00eda Trabajo, ubicado en Leandro Alem al 650.<\/p>\n\n\n\n<p><strong>En los primeros tres meses del a\u00f1o, el salario m\u00ednimo aument\u00f3 3,53% mientras que la variaci\u00f3n de precios acumul\u00f3 una suba del 8,6%.<\/strong><\/p>\n","protected":false},"excerpt":{"rendered":"<p>El Consejo hab\u00eda solicitado un SMVM de $644.165 para abril y de $657.703 para mayo.<\/p>\n","protected":false},"author":2,"featured_media":68092,"comment_status":"open","ping_status":"open","sticky":false,"template":"","format":"standard","meta":{"om_disable_all_campaigns":false,"_monsterinsights_skip_tracking":false,"_monsterinsights_sitenote_active":false,"_monsterinsights_sitenote_note":"","_monsterinsights_sitenote_category":0,"_uf_show_specific_survey":0,"_uf_disable_surveys":false,"jetpack_post_was_ever_published":false,"_jetpack_newsletter_access":"","_jetpack_dont_email_post_to_subs":false,"_jetpack_newsletter_tier_id":0,"_jetpack_memberships_contains_paywalled_content":false,"_jetpack_memberships_contains_paid_content":false,"footnotes":"","jetpack_publicize_message":"","jetpack_publicize_feature_enabled":true,"jetpack_social_post_already_shared":false,"jetpack_social_options":{"image_generator_settings":{"template":"highway","enabled":false},"version":2}},"categories":[4,7],"tags":[1292],"class_list":["post-75359","post","type-post","status-publish","format-standard","has-post-thumbnail","hentry","category-destacadas","category-nacionales","tag-consejo-del-salario"],"aioseo_notices":[],"views":27,"jetpack_publicize_connections":[],"jetpack_featured_media_url":"https:\/\/i0.wp.com\/elterritorialweb.com.ar\/web\/wp-content\/uploads\/2024\/07\/SALARIO-MINIMO.jpg?fit=1256%2C620&ssl=1","jetpack_sharing_enabled":true,"_links":{"self":[{"href":"https:\/\/elterritorialweb.com.ar\/web\/wp-json\/wp\/v2\/posts\/75359","targetHints":{"allow":["GET"]}}],"collection":[{"href":"https:\/\/elterritorialweb.com.ar\/web\/wp-json\/wp\/v2\/posts"}],"about":[{"href":"https:\/\/elterritorialweb.com.ar\/web\/wp-json\/wp\/v2\/types\/post"}],"author":[{"embeddable":true,"href":"https:\/\/elterritorialweb.com.ar\/web\/wp-json\/wp\/v2\/users\/2"}],"replies":[{"embeddable":true,"href":"https:\/\/elterritorialweb.com.ar\/web\/wp-json\/wp\/v2\/comments?post=75359"}],"version-history":[{"count":2,"href":"https:\/\/elterritorialweb.com.ar\/web\/wp-json\/wp\/v2\/posts\/75359\/revisions"}],"predecessor-version":[{"id":75361,"href":"https:\/\/elterritorialweb.com.ar\/web\/wp-json\/wp\/v2\/posts\/75359\/revisions\/75361"}],"wp:featuredmedia":[{"embeddable":true,"href":"https:\/\/elterritorialweb.com.ar\/web\/wp-json\/wp\/v2\/media\/68092"}],"wp:attachment":[{"href":"https:\/\/elterritorialweb.com.ar\/web\/wp-json\/wp\/v2\/media?parent=75359"}],"wp:term":[{"taxonomy":"category","embeddable":true,"href":"https:\/\/elterritorialweb.com.ar\/web\/wp-json\/wp\/v2\/categories?post=75359"},{"taxonomy":"post_tag","embeddable":true,"href":"https:\/\/elterritorialweb.com.ar\/web\/wp-json\/wp\/v2\/tags?post=75359"}],"curies":[{"name":"wp","href":"https:\/\/api.w.org\/{rel}","templated":true}]}}