{"id":75832,"date":"2025-05-25T18:30:57","date_gmt":"2025-05-25T18:30:57","guid":{"rendered":"https:\/\/elterritorialweb.com.ar\/web\/?p=75832"},"modified":"2025-05-25T22:10:37","modified_gmt":"2025-05-25T22:10:37","slug":"duro-mensaje-de-garcia-cuerva-en-el-te-deum-del-25-de-mayo","status":"publish","type":"post","link":"https:\/\/elterritorialweb.com.ar\/web\/duro-mensaje-de-garcia-cuerva-en-el-te-deum-del-25-de-mayo\/","title":{"rendered":"DURO MENSAJE DE GARCIA CUERVA EN EL TE DEUM DEL 25 DE MAYO"},"content":{"rendered":"\n<p>En su mensaje por el&nbsp;<strong>Te Deum del 25 de Mayo<\/strong>&nbsp;en la Catedral Metropolitana, el arzobispo de Buenos Aires,&nbsp;<strong>Jorge Garc\u00eda Cuerva<\/strong>, lanz\u00f3 un duro mensaje sobre el impacto de las redes sociales en la vida democr\u00e1tica, el&nbsp;<strong>avance del odio, la difamaci\u00f3n y la desinformaci\u00f3n<\/strong>, ante el presidente&nbsp;<strong>Javier Milei<\/strong>&nbsp;y otras autoridades nacionales.<\/p>\n\n\n\n<p><strong>\u201cHemos pasado todos los l\u00edmites: la descalificaci\u00f3n, el destrato y la difamaci\u00f3n parecen moneda corriente\u201d<\/strong>, expres\u00f3 Garc\u00eda Cuerva, al referirse a los discursos violentos en plataformas digitales.&nbsp;<strong>\u201cEl terrorismo de las redes\u201d, como lo llam\u00f3 citando al papa Francisco, \u201clegitima el odio y la deshumanizaci\u00f3n del otro\u201d<\/strong>, agreg\u00f3.<\/p>\n\n\n\n<p>A lo largo de su homil\u00eda, el l\u00edder de la Iglesia porte\u00f1a remarc\u00f3:&nbsp;<strong>\u201cHay quienes se burlan de Jes\u00fas, son los haters de aquella \u00e9poca, los que difaman, desprecian o critican destructivamente a una persona, entidad u obra\u201d<\/strong>, en una analog\u00eda con las agresiones digitales de hoy. Su mirada cr\u00edtica fue interpretada como un llamado de atenci\u00f3n ante el deterioro del debate p\u00fablico, especialmente en tiempos de alta confrontaci\u00f3n pol\u00edtica y social.<\/p>\n\n\n\n<p>En ese marco, Garc\u00eda Cuerva sum\u00f3 otro concepto fuerte:&nbsp;<strong>\u201cNos hemos acostumbrado a comer el pan duro de la desinformaci\u00f3n, el pan viejo de la indiferencia y la insensibilidad\u201d<\/strong>, advirti\u00f3.&nbsp;<strong>\u201cEstamos empachados de panes sin sabor, fruto de la intolerancia, y del pan agrietado por el odio y la descalificaci\u00f3n. Tenemos hambre de solidaridad, que sea capaz de abrir nuestros encierros y nuestras soledades\u201d<\/strong>, reflexion\u00f3.<\/p>\n\n\n\n<p>Tambi\u00e9n expres\u00f3:&nbsp;<strong>\u201cMuchos hermanos tienen hambre de pan, incluso revolviendo basura, pero tambi\u00e9n tenemos hambre de sentido de vida y de Dios\u201d<\/strong>, en clara alusi\u00f3n al drama social y espiritual que atraviesa a sectores vulnerables.<\/p>\n\n\n\n<p>La misa conmemorativa por el aniversario de la Revoluci\u00f3n de Mayo fue seguida con atenci\u00f3n por un auditorio que incluy\u00f3 a Milei, su gabinete, gobernadores e invitados diplom\u00e1ticos. Mientras tanto, el mensaje del arzobispo repercuti\u00f3 r\u00e1pidamente en redes sociales, donde usuarios viralizaron sus frases m\u00e1s filosas, muchas de las cuales fueron interpretadas como una cr\u00edtica al estilo comunicacional del Gobierno.<\/p>\n\n\n\n<p>En su llamado final, Garc\u00eda Cuerva pidi\u00f3&nbsp;<strong>\u00abrecuperar la empat\u00eda y el respeto\u00bb<\/strong>&nbsp;y evitar que las redes se conviertan en un espacio de exterminio simb\u00f3lico del que piensa distinto:&nbsp;<strong>\u201cLas redes deber\u00edan ser un puente, no un campo de batalla. Un canal para el encuentro, no para el linchamiento del otro\u201d<\/strong>, concluy\u00f3.<\/p>\n\n\n\n<p><strong>Bajada (160 caracteres):<\/strong>&nbsp;Garc\u00eda Cuerva advirti\u00f3 sobre \u201cel terrorismo de las redes\u201d y la desinformaci\u00f3n ante Milei: \u201cEstamos empachados de pan duro de odio y descalificaci\u00f3n\u201d.<\/p>\n","protected":false},"excerpt":{"rendered":"<p>Garc\u00eda Cuerva advirti\u00f3 sobre \u201cel terrorismo de las redes\u201d y la desinformaci\u00f3n ante Milei: \u201cEstamos empachados de pan duro de odio y descalificaci\u00f3n\u201d.<\/p>\n","protected":false},"author":2,"featured_media":75854,"comment_status":"open","ping_status":"open","sticky":false,"template":"","format":"standard","meta":{"om_disable_all_campaigns":false,"_monsterinsights_skip_tracking":false,"_monsterinsights_sitenote_active":false,"_monsterinsights_sitenote_note":"","_monsterinsights_sitenote_category":0,"_uf_show_specific_survey":0,"_uf_disable_surveys":false,"jetpack_post_was_ever_published":false,"_jetpack_newsletter_access":"","_jetpack_dont_email_post_to_subs":false,"_jetpack_newsletter_tier_id":0,"_jetpack_memberships_contains_paywalled_content":false,"_jetpack_memberships_contains_paid_content":false,"footnotes":"","jetpack_publicize_message":"","jetpack_publicize_feature_enabled":true,"jetpack_social_post_already_shared":true,"jetpack_social_options":{"image_generator_settings":{"template":"highway","default_image_id":0,"font":"","enabled":false},"version":2}},"categories":[4,7],"tags":[1341,83,1342],"class_list":["post-75832","post","type-post","status-publish","format-standard","has-post-thumbnail","hentry","category-destacadas","category-nacionales","tag-jorge-ignacio-garcia-cuerva","tag-revolucion-de-mayo","tag-te-deum"],"aioseo_notices":[],"views":9,"jetpack_publicize_connections":[],"jetpack_featured_media_url":"https:\/\/i0.wp.com\/elterritorialweb.com.ar\/web\/wp-content\/uploads\/2025\/05\/garcia-cuerva-en-el-tedeum-del-25-de-mayo-2029585.jpg?fit=720%2C405&ssl=1","jetpack_sharing_enabled":true,"_links":{"self":[{"href":"https:\/\/elterritorialweb.com.ar\/web\/wp-json\/wp\/v2\/posts\/75832","targetHints":{"allow":["GET"]}}],"collection":[{"href":"https:\/\/elterritorialweb.com.ar\/web\/wp-json\/wp\/v2\/posts"}],"about":[{"href":"https:\/\/elterritorialweb.com.ar\/web\/wp-json\/wp\/v2\/types\/post"}],"author":[{"embeddable":true,"href":"https:\/\/elterritorialweb.com.ar\/web\/wp-json\/wp\/v2\/users\/2"}],"replies":[{"embeddable":true,"href":"https:\/\/elterritorialweb.com.ar\/web\/wp-json\/wp\/v2\/comments?post=75832"}],"version-history":[{"count":1,"href":"https:\/\/elterritorialweb.com.ar\/web\/wp-json\/wp\/v2\/posts\/75832\/revisions"}],"predecessor-version":[{"id":75834,"href":"https:\/\/elterritorialweb.com.ar\/web\/wp-json\/wp\/v2\/posts\/75832\/revisions\/75834"}],"wp:featuredmedia":[{"embeddable":true,"href":"https:\/\/elterritorialweb.com.ar\/web\/wp-json\/wp\/v2\/media\/75854"}],"wp:attachment":[{"href":"https:\/\/elterritorialweb.com.ar\/web\/wp-json\/wp\/v2\/media?parent=75832"}],"wp:term":[{"taxonomy":"category","embeddable":true,"href":"https:\/\/elterritorialweb.com.ar\/web\/wp-json\/wp\/v2\/categories?post=75832"},{"taxonomy":"post_tag","embeddable":true,"href":"https:\/\/elterritorialweb.com.ar\/web\/wp-json\/wp\/v2\/tags?post=75832"}],"curies":[{"name":"wp","href":"https:\/\/api.w.org\/{rel}","templated":true}]}}