{"id":75835,"date":"2025-05-25T18:48:21","date_gmt":"2025-05-25T18:48:21","guid":{"rendered":"https:\/\/elterritorialweb.com.ar\/web\/?p=75835"},"modified":"2025-05-25T18:52:01","modified_gmt":"2025-05-25T18:52:01","slug":"tension-en-el-te-deum-del-25-de-mayo-milei-le-nego-el-saludo-a-jorge-macri-e-ignoro-a-villarruel","status":"publish","type":"post","link":"https:\/\/elterritorialweb.com.ar\/web\/tension-en-el-te-deum-del-25-de-mayo-milei-le-nego-el-saludo-a-jorge-macri-e-ignoro-a-villarruel\/","title":{"rendered":"TENSI\u00d3N EN EL TE DEUM DEL 25 DE MAYO: MILEI LE NEGO EL SALUDO A  JORGE MACRI E IGNOR\u00d3 A VILLARRUEL"},"content":{"rendered":"\n<p>En medio del acto protocolar por el&nbsp;<strong>Tedeum del 25 de Mayo<\/strong>, el presidente&nbsp;<strong>Javier Milei<\/strong>&nbsp;protagoniz\u00f3 un momento de tensi\u00f3n al llegar a la&nbsp;<strong>Catedral Metropolitana.<\/strong><\/p>\n\n\n\n<p>El mandatario&nbsp;<strong>evit\u00f3 saludar al jefe de Gobierno porte\u00f1o, Jorge Macri, y a la vicepresidenta Victoria Villarruel<\/strong>, quienes lo esperaban en la entrada junto a otras autoridades.<\/p>\n\n\n\n<p>El gesto fue evidente y qued\u00f3 registrado en la transmisi\u00f3n oficial.&nbsp;<strong>Milei descendi\u00f3 del veh\u00edculo presidencial<\/strong>, se acerc\u00f3 con la mirada al frente,&nbsp;<strong>no extendi\u00f3 la mano<\/strong>&nbsp;a quienes lo aguardaban en fila y&nbsp;<strong>continu\u00f3 su caminata directo hacia el interior del templo<\/strong>, generando incomodidad visible en los rostros de Macri y Villarruel.<\/p>\n\n\n\n<figure class=\"wp-block-image size-full\"><a href=\"https:\/\/i0.wp.com\/elterritorialweb.com.ar\/web\/wp-content\/uploads\/2025\/05\/1010x567_jorge-macri-cpon-mano-extendida-518377-092840.jpg\"><img data-recalc-dims=\"1\" decoding=\"async\" width=\"640\" height=\"359\" data-src=\"https:\/\/i0.wp.com\/elterritorialweb.com.ar\/web\/wp-content\/uploads\/2025\/05\/1010x567_jorge-macri-cpon-mano-extendida-518377-092840.jpg?resize=640%2C359\" alt=\"\" class=\"wp-image-75840 lazyload\" data-srcset=\"https:\/\/i0.wp.com\/elterritorialweb.com.ar\/web\/wp-content\/uploads\/2025\/05\/1010x567_jorge-macri-cpon-mano-extendida-518377-092840.jpg?w=1010&amp;ssl=1 1010w, https:\/\/i0.wp.com\/elterritorialweb.com.ar\/web\/wp-content\/uploads\/2025\/05\/1010x567_jorge-macri-cpon-mano-extendida-518377-092840.jpg?resize=300%2C168&amp;ssl=1 300w, https:\/\/i0.wp.com\/elterritorialweb.com.ar\/web\/wp-content\/uploads\/2025\/05\/1010x567_jorge-macri-cpon-mano-extendida-518377-092840.jpg?resize=768%2C431&amp;ssl=1 768w\" data-sizes=\"(max-width: 640px) 100vw, 640px\" src=\"data:image\/svg+xml;base64,PHN2ZyB3aWR0aD0iMSIgaGVpZ2h0PSIxIiB4bWxucz0iaHR0cDovL3d3dy53My5vcmcvMjAwMC9zdmciPjwvc3ZnPg==\" style=\"--smush-placeholder-width: 640px; --smush-placeholder-aspect-ratio: 640\/359;\" \/><\/a><\/figure>\n\n\n\n<p>La inc\u00f3moda situaci\u00f3n tuvo lugar minutos antes del inicio de la celebraci\u00f3n religiosa, cuando Milei entr\u00f3 a la Catedral junto a parte de su gabinete.<\/p>\n\n\n\n<p>Tras evitar saludar al jefe de Gobierno de la Ciudad de Buenos Aires, Jorge Macri, Milei&nbsp;<strong>tampoco salud\u00f3 a la vicepresidenta, Victoria Villarruel. P<\/strong>as\u00f3 a su lado y sigui\u00f3 su camino, mientras la Presidenta del Senado desliz\u00f3 u<strong>na sonrisa de disgusto.<\/strong><\/p>\n\n\n\n<p>El gesto gener\u00f3 tensi\u00f3n en plena Catedral Metropolitana y qued\u00f3 registrado en la transmisi\u00f3n.<\/p>\n\n\n\n<p>La vicepresidenta luego camin\u00f3 junto al presidente por la Catedral hasta que finalmente se separaron y se dispusieron para escuchar las palabras del arzobispo&nbsp;Jorge Garc\u00eda Cuerva.<\/p>\n\n\n\n<p>En tanto, el presidente al cerrar su participaci\u00f3n en los festejos por el 25 de Mayo, asisti\u00f3 al&nbsp;<strong>cambio de guardia del Regimiento de Infanter\u00eda de Patricios&nbsp;<\/strong>que se llev\u00f3 a cabo en Plaza de Mayo, tras el Tedeum en la Catedral de Buenos Aires.<\/p>\n\n\n\n<p>Milei sigui\u00f3 la tradicional ceremonia flanqueado por el jefe de gobierno, Jorge Macri, y la vicepresidenta Victoria Villarruel, con quienes&nbsp;<strong>no cruz\u00f3 miradas ni palabra alguna<\/strong>, luego de no haberlos saludad tampoco en la Catedral durante el Tedeum.<\/p>\n","protected":false},"excerpt":{"rendered":"<p>En medio del acto protocolar por el&nbsp;Tedeum del 25 de Mayo, el presidente&nbsp;Javier Milei&nbsp;protagoniz\u00f3 un&#8230;<\/p>\n","protected":false},"author":2,"featured_media":75836,"comment_status":"open","ping_status":"open","sticky":false,"template":"","format":"standard","meta":{"om_disable_all_campaigns":false,"_monsterinsights_skip_tracking":false,"_monsterinsights_sitenote_active":false,"_monsterinsights_sitenote_note":"","_monsterinsights_sitenote_category":0,"_uf_show_specific_survey":0,"_uf_disable_surveys":false,"jetpack_post_was_ever_published":false,"_jetpack_newsletter_access":"","_jetpack_dont_email_post_to_subs":false,"_jetpack_newsletter_tier_id":0,"_jetpack_memberships_contains_paywalled_content":false,"_jetpack_memberships_contains_paid_content":false,"footnotes":"","jetpack_publicize_message":"","jetpack_publicize_feature_enabled":true,"jetpack_social_post_already_shared":true,"jetpack_social_options":{"image_generator_settings":{"template":"highway","default_image_id":0,"font":"","enabled":false},"version":2}},"categories":[4,7],"tags":[92,83,1342],"class_list":["post-75835","post","type-post","status-publish","format-standard","has-post-thumbnail","hentry","category-destacadas","category-nacionales","tag-javier-milei","tag-revolucion-de-mayo","tag-te-deum"],"aioseo_notices":[],"views":18,"jetpack_publicize_connections":[],"jetpack_featured_media_url":"https:\/\/i0.wp.com\/elterritorialweb.com.ar\/web\/wp-content\/uploads\/2025\/05\/milei_tedeum_01_puntaljpg.jpg?fit=1200%2C675&ssl=1","jetpack_sharing_enabled":true,"_links":{"self":[{"href":"https:\/\/elterritorialweb.com.ar\/web\/wp-json\/wp\/v2\/posts\/75835","targetHints":{"allow":["GET"]}}],"collection":[{"href":"https:\/\/elterritorialweb.com.ar\/web\/wp-json\/wp\/v2\/posts"}],"about":[{"href":"https:\/\/elterritorialweb.com.ar\/web\/wp-json\/wp\/v2\/types\/post"}],"author":[{"embeddable":true,"href":"https:\/\/elterritorialweb.com.ar\/web\/wp-json\/wp\/v2\/users\/2"}],"replies":[{"embeddable":true,"href":"https:\/\/elterritorialweb.com.ar\/web\/wp-json\/wp\/v2\/comments?post=75835"}],"version-history":[{"count":2,"href":"https:\/\/elterritorialweb.com.ar\/web\/wp-json\/wp\/v2\/posts\/75835\/revisions"}],"predecessor-version":[{"id":75841,"href":"https:\/\/elterritorialweb.com.ar\/web\/wp-json\/wp\/v2\/posts\/75835\/revisions\/75841"}],"wp:featuredmedia":[{"embeddable":true,"href":"https:\/\/elterritorialweb.com.ar\/web\/wp-json\/wp\/v2\/media\/75836"}],"wp:attachment":[{"href":"https:\/\/elterritorialweb.com.ar\/web\/wp-json\/wp\/v2\/media?parent=75835"}],"wp:term":[{"taxonomy":"category","embeddable":true,"href":"https:\/\/elterritorialweb.com.ar\/web\/wp-json\/wp\/v2\/categories?post=75835"},{"taxonomy":"post_tag","embeddable":true,"href":"https:\/\/elterritorialweb.com.ar\/web\/wp-json\/wp\/v2\/tags?post=75835"}],"curies":[{"name":"wp","href":"https:\/\/api.w.org\/{rel}","templated":true}]}}