{"id":75919,"date":"2025-05-29T04:12:49","date_gmt":"2025-05-29T04:12:49","guid":{"rendered":"https:\/\/elterritorialweb.com.ar\/web\/?p=75919"},"modified":"2025-05-29T04:12:51","modified_gmt":"2025-05-29T04:12:51","slug":"fuentes-destaco-la-tarea-docente-en-los-jardines-de-infantes-municipales","status":"publish","type":"post","link":"https:\/\/elterritorialweb.com.ar\/web\/fuentes-destaco-la-tarea-docente-en-los-jardines-de-infantes-municipales\/","title":{"rendered":"FUENTES DESTAC\u00d3 LA TAREA DOCENTE EN LOS JARDINES DE INFANTES MUNICIPALES"},"content":{"rendered":"\n<p>All\u00ed, las directoras de los 26 establecimientos educativos municipales recibieron tambores, xilofones, maracas, cascabeles y tri\u00e1ngulos a destinados a potenciar la estimulaci\u00f3n temprana y el desarrollo creativo de los alumnos. <\/p>\n\n\n\n<p><em>\u00abNuestros docentes del sistema educativo municipal siempre est\u00e1n dispuestos a seguir capacit\u00e1ndose para brindar a los m\u00e1s chicos los conocimientos y aptitudes que demanda el complejo mundo actual, lo que muestra su profundo compromiso con la comunidad\u00bb<\/em>, indic\u00f3 la Ing. Fuentes. <\/p>\n\n\n\n<p><em>\u00abLa educaci\u00f3n en igualdad de condiciones es una pol\u00edtica del Estado municipal, tal como lo hace el gobernador de la provincia, Gerardo Zamora; lo que significa que en los 26 jardines de infantes ubicados en diferentes barrios, se imparten los mismos programas vinculados con rob\u00f3tica, medio ambiente y otros contenidos esenciales en la actualidad\u00bb,<\/em> se\u00f1al\u00f3.<\/p>\n\n\n\n<p>Asimismo, la jefa comunal reconoci\u00f3<em> \u00abel acompa\u00f1amiento de las familias a cada uno de los alumnos, que es fundamental para construir una educaci\u00f3n de calidad y sembrar valores de solidaridad y empat\u00eda\u00bb<\/em>. <\/p>\n\n\n\n<p>Por su parte, la directora de la instituci\u00f3n, <strong>Sandra Guti\u00e9rrez<\/strong>, destac\u00f3<em> \u00abla presencia del Estado municipal que, con pol\u00edticas educativas inclusivas, genera igualdad de oportunidades y potencia la creatividad de los ni\u00f1os, mediante disciplinas art\u00edsticas y actividades innovadoras\u00bb<\/em>.<\/p>\n\n\n\n<p>Tambi\u00e9n la intendente Fuentes recorri\u00f3 las instalaciones del edificio, donde se interioriz\u00f3 sobre las producciones alusivas a la fecha elaboradas por los alumnos y presenci\u00f3 expresiones art\u00edsticas protagonizadas por ellos, como la actuaci\u00f3n del taller de m\u00fasica.<\/p>\n","protected":false},"excerpt":{"rendered":"<p>En el D\u00eda de los Jardines de Infantes y de la Maestra Jardinera, la intendente de la Capital, Ing. Norma Fuentes, visit\u00f3 el Jard\u00edn de Infantes N\u00ba 20 \u00abIslas Malvinas\u00bb, donde valor\u00f3 el rol de las docentes municipales en la educaci\u00f3n inicial de los m\u00e1s chicos y entreg\u00f3 kits de instrumentos musicales.<\/p>\n","protected":false},"author":2,"featured_media":75920,"comment_status":"open","ping_status":"open","sticky":false,"template":"","format":"standard","meta":{"om_disable_all_campaigns":false,"_monsterinsights_skip_tracking":false,"_monsterinsights_sitenote_active":false,"_monsterinsights_sitenote_note":"","_monsterinsights_sitenote_category":0,"_uf_show_specific_survey":0,"_uf_disable_surveys":false,"jetpack_post_was_ever_published":false,"_jetpack_newsletter_access":"","_jetpack_dont_email_post_to_subs":false,"_jetpack_newsletter_tier_id":0,"_jetpack_memberships_contains_paywalled_content":false,"_jetpack_memberships_contains_paid_content":false,"footnotes":"","jetpack_publicize_message":"","jetpack_publicize_feature_enabled":true,"jetpack_social_post_already_shared":true,"jetpack_social_options":{"image_generator_settings":{"template":"highway","default_image_id":0,"font":"","enabled":false},"version":2}},"categories":[4,21],"tags":[313,73,116],"class_list":["post-75919","post","type-post","status-publish","format-standard","has-post-thumbnail","hentry","category-destacadas","category-locales","tag-jardines-de-infantes-municipales","tag-municipalidad-de-la-capital","tag-norma-fuentes"],"aioseo_notices":[],"views":18,"jetpack_publicize_connections":[],"jetpack_featured_media_url":"https:\/\/i0.wp.com\/elterritorialweb.com.ar\/web\/wp-content\/uploads\/2025\/05\/Intendente-maestras-jardineras.jpg?fit=1600%2C1066&ssl=1","jetpack_sharing_enabled":true,"_links":{"self":[{"href":"https:\/\/elterritorialweb.com.ar\/web\/wp-json\/wp\/v2\/posts\/75919","targetHints":{"allow":["GET"]}}],"collection":[{"href":"https:\/\/elterritorialweb.com.ar\/web\/wp-json\/wp\/v2\/posts"}],"about":[{"href":"https:\/\/elterritorialweb.com.ar\/web\/wp-json\/wp\/v2\/types\/post"}],"author":[{"embeddable":true,"href":"https:\/\/elterritorialweb.com.ar\/web\/wp-json\/wp\/v2\/users\/2"}],"replies":[{"embeddable":true,"href":"https:\/\/elterritorialweb.com.ar\/web\/wp-json\/wp\/v2\/comments?post=75919"}],"version-history":[{"count":1,"href":"https:\/\/elterritorialweb.com.ar\/web\/wp-json\/wp\/v2\/posts\/75919\/revisions"}],"predecessor-version":[{"id":75921,"href":"https:\/\/elterritorialweb.com.ar\/web\/wp-json\/wp\/v2\/posts\/75919\/revisions\/75921"}],"wp:featuredmedia":[{"embeddable":true,"href":"https:\/\/elterritorialweb.com.ar\/web\/wp-json\/wp\/v2\/media\/75920"}],"wp:attachment":[{"href":"https:\/\/elterritorialweb.com.ar\/web\/wp-json\/wp\/v2\/media?parent=75919"}],"wp:term":[{"taxonomy":"category","embeddable":true,"href":"https:\/\/elterritorialweb.com.ar\/web\/wp-json\/wp\/v2\/categories?post=75919"},{"taxonomy":"post_tag","embeddable":true,"href":"https:\/\/elterritorialweb.com.ar\/web\/wp-json\/wp\/v2\/tags?post=75919"}],"curies":[{"name":"wp","href":"https:\/\/api.w.org\/{rel}","templated":true}]}}