{"id":75922,"date":"2025-05-29T04:31:43","date_gmt":"2025-05-29T04:31:43","guid":{"rendered":"https:\/\/elterritorialweb.com.ar\/web\/?p=75922"},"modified":"2025-05-29T04:31:46","modified_gmt":"2025-05-29T04:31:46","slug":"feria-artesanal-y-de-emprendedores-en-la-estacion-cultural-del-parque-oeste","status":"publish","type":"post","link":"https:\/\/elterritorialweb.com.ar\/web\/feria-artesanal-y-de-emprendedores-en-la-estacion-cultural-del-parque-oeste\/","title":{"rendered":"FERIA ARTESANAL Y DE EMPRENDEDORES EN LA ESTACI\u00d3N CULTURAL DEL PARQUE OESTE"},"content":{"rendered":"\n<p>Se trata de un espacio de encuentro para apreciar y adquirir productos elaborados por manos santiague\u00f1as, que permanecer\u00e1 abierto al p\u00fablico los d\u00edas <strong>viernes 30<\/strong> y <strong>s\u00e1bado 31<\/strong> de <strong>16:30 a 22:00<\/strong> horas. <\/p>\n\n\n\n<p>Se ofrecer\u00e1 una variada propuesta que incluir\u00e1 artesan\u00edas de excelente calidad como objetos decorativos, indumentaria textil, art\u00edculos de cuero, cer\u00e1mica y una diversidad de creaciones hechas a mano que reflejan el talento y la cultura de nuestra regi\u00f3n.<\/p>\n\n\n\n<p><em>\u201cEl evento se desarrollar\u00e1 en un ambiente ameno y familiar, ideal para disfrutar de una tarde en contacto con la creatividad y el trabajo artesanal de nuestra comunidad, ofreciendo la oportunidad de apoyar el desarrollo de los emprendedores locales y fortalecer la econom\u00eda social\u201d<\/em>, indic\u00f3 el titular de la repartici\u00f3n municipal, <strong>Fernando Zelaya.<\/strong><\/p>\n","protected":false},"excerpt":{"rendered":"<p>La Municipalidad de la Capital realizar\u00e1 este fin de semana una nueva Feria de Artesanos y Emprendedores en la Estaci\u00f3n Cultural del Parque Oeste, ubicada en Santa Fe y Libertad, organizada por la Direcci\u00f3n de Desarrollo Comunitario.<\/p>\n","protected":false},"author":2,"featured_media":75923,"comment_status":"open","ping_status":"open","sticky":false,"template":"","format":"standard","meta":{"om_disable_all_campaigns":false,"_monsterinsights_skip_tracking":false,"_monsterinsights_sitenote_active":false,"_monsterinsights_sitenote_note":"","_monsterinsights_sitenote_category":0,"_uf_show_specific_survey":0,"_uf_disable_surveys":false,"jetpack_post_was_ever_published":false,"_jetpack_newsletter_access":"","_jetpack_dont_email_post_to_subs":false,"_jetpack_newsletter_tier_id":0,"_jetpack_memberships_contains_paywalled_content":false,"_jetpack_memberships_contains_paid_content":false,"footnotes":"","jetpack_publicize_message":"","jetpack_publicize_feature_enabled":true,"jetpack_social_post_already_shared":true,"jetpack_social_options":{"image_generator_settings":{"template":"highway","default_image_id":0,"font":"","enabled":false},"version":2}},"categories":[4,21],"tags":[],"class_list":["post-75922","post","type-post","status-publish","format-standard","has-post-thumbnail","hentry","category-destacadas","category-locales"],"aioseo_notices":[],"views":20,"jetpack_publicize_connections":[],"jetpack_featured_media_url":"https:\/\/i0.wp.com\/elterritorialweb.com.ar\/web\/wp-content\/uploads\/2025\/05\/feria-artesanal-Parque-Oeste-scaled.jpeg?fit=2560%2C1592&ssl=1","jetpack_sharing_enabled":true,"_links":{"self":[{"href":"https:\/\/elterritorialweb.com.ar\/web\/wp-json\/wp\/v2\/posts\/75922","targetHints":{"allow":["GET"]}}],"collection":[{"href":"https:\/\/elterritorialweb.com.ar\/web\/wp-json\/wp\/v2\/posts"}],"about":[{"href":"https:\/\/elterritorialweb.com.ar\/web\/wp-json\/wp\/v2\/types\/post"}],"author":[{"embeddable":true,"href":"https:\/\/elterritorialweb.com.ar\/web\/wp-json\/wp\/v2\/users\/2"}],"replies":[{"embeddable":true,"href":"https:\/\/elterritorialweb.com.ar\/web\/wp-json\/wp\/v2\/comments?post=75922"}],"version-history":[{"count":1,"href":"https:\/\/elterritorialweb.com.ar\/web\/wp-json\/wp\/v2\/posts\/75922\/revisions"}],"predecessor-version":[{"id":75924,"href":"https:\/\/elterritorialweb.com.ar\/web\/wp-json\/wp\/v2\/posts\/75922\/revisions\/75924"}],"wp:featuredmedia":[{"embeddable":true,"href":"https:\/\/elterritorialweb.com.ar\/web\/wp-json\/wp\/v2\/media\/75923"}],"wp:attachment":[{"href":"https:\/\/elterritorialweb.com.ar\/web\/wp-json\/wp\/v2\/media?parent=75922"}],"wp:term":[{"taxonomy":"category","embeddable":true,"href":"https:\/\/elterritorialweb.com.ar\/web\/wp-json\/wp\/v2\/categories?post=75922"},{"taxonomy":"post_tag","embeddable":true,"href":"https:\/\/elterritorialweb.com.ar\/web\/wp-json\/wp\/v2\/tags?post=75922"}],"curies":[{"name":"wp","href":"https:\/\/api.w.org\/{rel}","templated":true}]}}