{"id":75925,"date":"2025-05-29T04:52:12","date_gmt":"2025-05-29T04:52:12","guid":{"rendered":"https:\/\/elterritorialweb.com.ar\/web\/?p=75925"},"modified":"2025-05-29T04:52:14","modified_gmt":"2025-05-29T04:52:14","slug":"central-cordoba-perdio-ante-el-tachira-y-quedo-fuera-de-la-copa-libertadores","status":"publish","type":"post","link":"https:\/\/elterritorialweb.com.ar\/web\/central-cordoba-perdio-ante-el-tachira-y-quedo-fuera-de-la-copa-libertadores\/","title":{"rendered":"CENTRAL C\u00d3RDOBA PERDI\u00d3 ANTE EL TACHIRA Y QUEDO FUERA DE LA COPA LIBERTADORES"},"content":{"rendered":"\n<p>Central C\u00f3rdoba cay\u00f3 este mi\u00e9rcoles como visitante por 3-0 ante Liga de Quito de Ecuador en un partido correspondiente a la sexta fecha del Grupo C de la Copa Libertadores, disputado en el estadio Rodrigo Paz Delgado.<\/p>\n\n\n\n<p>El conjunto local abri\u00f3 el marcador de la mano de Alexander Alvarado, a los 15 minutos del primer tiempo, y ampli\u00f3 la ventaja con gol de Lisandro Alzugaray, a los 44\u2019 del mismo periodo, y a los 8\u2019 del complemento.<\/p>\n\n\n\n<figure class=\"wp-block-image size-large\"><a href=\"https:\/\/i0.wp.com\/elterritorialweb.com.ar\/web\/wp-content\/uploads\/2025\/05\/IMG-20250528-WA0053-scaled.jpg\"><img data-recalc-dims=\"1\" decoding=\"async\" width=\"640\" height=\"427\" data-src=\"https:\/\/i0.wp.com\/elterritorialweb.com.ar\/web\/wp-content\/uploads\/2025\/05\/IMG-20250528-WA0053.jpg?resize=640%2C427\" alt=\"\" class=\"wp-image-75929 lazyload\" data-srcset=\"https:\/\/i0.wp.com\/elterritorialweb.com.ar\/web\/wp-content\/uploads\/2025\/05\/IMG-20250528-WA0053-scaled.jpg?resize=1024%2C683&amp;ssl=1 1024w, https:\/\/i0.wp.com\/elterritorialweb.com.ar\/web\/wp-content\/uploads\/2025\/05\/IMG-20250528-WA0053-scaled.jpg?resize=300%2C200&amp;ssl=1 300w, https:\/\/i0.wp.com\/elterritorialweb.com.ar\/web\/wp-content\/uploads\/2025\/05\/IMG-20250528-WA0053-scaled.jpg?resize=768%2C512&amp;ssl=1 768w, https:\/\/i0.wp.com\/elterritorialweb.com.ar\/web\/wp-content\/uploads\/2025\/05\/IMG-20250528-WA0053-scaled.jpg?resize=1536%2C1025&amp;ssl=1 1536w, https:\/\/i0.wp.com\/elterritorialweb.com.ar\/web\/wp-content\/uploads\/2025\/05\/IMG-20250528-WA0053-scaled.jpg?resize=2048%2C1366&amp;ssl=1 2048w, https:\/\/i0.wp.com\/elterritorialweb.com.ar\/web\/wp-content\/uploads\/2025\/05\/IMG-20250528-WA0053-scaled.jpg?w=1280 1280w, https:\/\/i0.wp.com\/elterritorialweb.com.ar\/web\/wp-content\/uploads\/2025\/05\/IMG-20250528-WA0053-scaled.jpg?w=1920 1920w\" data-sizes=\"(max-width: 640px) 100vw, 640px\" src=\"data:image\/svg+xml;base64,PHN2ZyB3aWR0aD0iMSIgaGVpZ2h0PSIxIiB4bWxucz0iaHR0cDovL3d3dy53My5vcmcvMjAwMC9zdmciPjwvc3ZnPg==\" style=\"--smush-placeholder-width: 640px; --smush-placeholder-aspect-ratio: 640\/427;\" \/><\/a><\/figure>\n\n\n\n<p>Con este resultado, el \u201cFunebrero\u201d qued\u00f3 eliminado del torneo m\u00e1s importante del continente, a pesar de haber acumulado 11 puntos en la fase de grupos, por la victoria de Flamengo sobre Deportivo Tachira, pero dir\u00e1 presente en la Copa Sudamericana.<\/p>\n\n\n\n<p>Los comandados por Omar de Felippe llegaban a este encuentro como primeros de su zona, pero con la necesidad de sumar una unidad para asegurarse su presencia en la siguiente instancia. Sin embargo, sufrieron una contundente derrota y se despidieron del certamen internacional, a pesar de haber mostrado un gran desempe\u00f1o en el campeonato.<\/p>\n\n\n\n<figure class=\"wp-block-image size-large\"><a href=\"https:\/\/i0.wp.com\/elterritorialweb.com.ar\/web\/wp-content\/uploads\/2025\/05\/IMG-20250528-WA0073-scaled.jpg\"><img data-recalc-dims=\"1\" decoding=\"async\" width=\"640\" height=\"427\" data-src=\"https:\/\/i0.wp.com\/elterritorialweb.com.ar\/web\/wp-content\/uploads\/2025\/05\/IMG-20250528-WA0073.jpg?resize=640%2C427\" alt=\"\" class=\"wp-image-75926 lazyload\" data-srcset=\"https:\/\/i0.wp.com\/elterritorialweb.com.ar\/web\/wp-content\/uploads\/2025\/05\/IMG-20250528-WA0073-scaled.jpg?resize=1024%2C683&amp;ssl=1 1024w, https:\/\/i0.wp.com\/elterritorialweb.com.ar\/web\/wp-content\/uploads\/2025\/05\/IMG-20250528-WA0073-scaled.jpg?resize=300%2C200&amp;ssl=1 300w, https:\/\/i0.wp.com\/elterritorialweb.com.ar\/web\/wp-content\/uploads\/2025\/05\/IMG-20250528-WA0073-scaled.jpg?resize=768%2C512&amp;ssl=1 768w, https:\/\/i0.wp.com\/elterritorialweb.com.ar\/web\/wp-content\/uploads\/2025\/05\/IMG-20250528-WA0073-scaled.jpg?resize=1536%2C1024&amp;ssl=1 1536w, https:\/\/i0.wp.com\/elterritorialweb.com.ar\/web\/wp-content\/uploads\/2025\/05\/IMG-20250528-WA0073-scaled.jpg?resize=2048%2C1365&amp;ssl=1 2048w, https:\/\/i0.wp.com\/elterritorialweb.com.ar\/web\/wp-content\/uploads\/2025\/05\/IMG-20250528-WA0073-scaled.jpg?w=1280 1280w, https:\/\/i0.wp.com\/elterritorialweb.com.ar\/web\/wp-content\/uploads\/2025\/05\/IMG-20250528-WA0073-scaled.jpg?w=1920 1920w\" data-sizes=\"(max-width: 640px) 100vw, 640px\" src=\"data:image\/svg+xml;base64,PHN2ZyB3aWR0aD0iMSIgaGVpZ2h0PSIxIiB4bWxucz0iaHR0cDovL3d3dy53My5vcmcvMjAwMC9zdmciPjwvc3ZnPg==\" style=\"--smush-placeholder-width: 640px; --smush-placeholder-aspect-ratio: 640\/427;\" \/><\/a><\/figure>\n\n\n\n<p>Por su parte, Liga de Quito hizo los deberes y , no solo se meti\u00f3 en las rondas eliminatorias, sino que tambi\u00e9n lleg\u00f3 a la cima del Grupo C con 11 puntos, mismos que Central C\u00f3rdoba y Flamengo, pero con ventaja por la diferencia de gol (+4).<\/p>\n\n\n\n<p>A los 15 minutos del primer tiempo, el elenco ecuatoriano abri\u00f3 el marcador con un centro preciso desde la derecha de Jos\u00e9 Quintero que tuvo destino en la cabeza de Alexander Alvarado y venci\u00f3 al arquero&nbsp;Alan Aguerre.<\/p>\n\n\n\n<figure class=\"wp-block-image size-large\"><a href=\"https:\/\/i0.wp.com\/elterritorialweb.com.ar\/web\/wp-content\/uploads\/2025\/05\/IMG-20250528-WA0062.jpg\"><img data-recalc-dims=\"1\" decoding=\"async\" width=\"640\" height=\"444\" data-src=\"https:\/\/i0.wp.com\/elterritorialweb.com.ar\/web\/wp-content\/uploads\/2025\/05\/IMG-20250528-WA0062.jpg?resize=640%2C444\" alt=\"\" class=\"wp-image-75928 lazyload\" data-srcset=\"https:\/\/i0.wp.com\/elterritorialweb.com.ar\/web\/wp-content\/uploads\/2025\/05\/IMG-20250528-WA0062.jpg?resize=1024%2C710&amp;ssl=1 1024w, https:\/\/i0.wp.com\/elterritorialweb.com.ar\/web\/wp-content\/uploads\/2025\/05\/IMG-20250528-WA0062.jpg?resize=300%2C208&amp;ssl=1 300w, https:\/\/i0.wp.com\/elterritorialweb.com.ar\/web\/wp-content\/uploads\/2025\/05\/IMG-20250528-WA0062.jpg?resize=768%2C533&amp;ssl=1 768w, https:\/\/i0.wp.com\/elterritorialweb.com.ar\/web\/wp-content\/uploads\/2025\/05\/IMG-20250528-WA0062.jpg?resize=1536%2C1066&amp;ssl=1 1536w, https:\/\/i0.wp.com\/elterritorialweb.com.ar\/web\/wp-content\/uploads\/2025\/05\/IMG-20250528-WA0062.jpg?w=1600&amp;ssl=1 1600w, https:\/\/i0.wp.com\/elterritorialweb.com.ar\/web\/wp-content\/uploads\/2025\/05\/IMG-20250528-WA0062.jpg?w=1280 1280w\" data-sizes=\"(max-width: 640px) 100vw, 640px\" src=\"data:image\/svg+xml;base64,PHN2ZyB3aWR0aD0iMSIgaGVpZ2h0PSIxIiB4bWxucz0iaHR0cDovL3d3dy53My5vcmcvMjAwMC9zdmciPjwvc3ZnPg==\" style=\"--smush-placeholder-width: 640px; --smush-placeholder-aspect-ratio: 640\/444;\" \/><\/a><\/figure>\n\n\n\n<p>Sobre el cierre de la primera mitad, Central C\u00f3rdoba qued\u00f3 desordenado en defensa y Liga de Quito aprovech\u00f3 para convertir el segundo tanto con un contragolpe letal culminado por el delantero argentino Lisandro Alzugaray, quien defini\u00f3 con gran categor\u00eda y coloc\u00f3 la pelota pegada al palo izquierdo.<\/p>\n\n\n\n<p>Por otro lado, en el comienzo del complemento, nuevamente fue el delantero albiceleste de 35 a\u00f1os quien anot\u00f3 un doblete para convertir el partido en goleada a favor de los dirigidos por Patricio Hurtado. El propio Alzugaray recibi\u00f3 el bal\u00f3n dentro del \u00e1rea luego de una gran acci\u00f3n individual por parte de Alvarado y sac\u00f3 un sutil zurdazo que sentenci\u00f3 el cotejo.<\/p>\n","protected":false},"excerpt":{"rendered":"<p>La victoria de Flamengo ante Deportivo Tachira sentenci\u00f3 la eliminaci\u00f3n del \u201cFunebrero\u201d que jugar\u00e1 la Copa Sudamericana por clasificar tercero del Grupo C.<\/p>\n","protected":false},"author":2,"featured_media":75927,"comment_status":"open","ping_status":"open","sticky":false,"template":"","format":"standard","meta":{"om_disable_all_campaigns":false,"_monsterinsights_skip_tracking":false,"_monsterinsights_sitenote_active":false,"_monsterinsights_sitenote_note":"","_monsterinsights_sitenote_category":0,"_uf_show_specific_survey":0,"_uf_disable_surveys":false,"jetpack_post_was_ever_published":false,"_jetpack_newsletter_access":"","_jetpack_dont_email_post_to_subs":false,"_jetpack_newsletter_tier_id":0,"_jetpack_memberships_contains_paywalled_content":false,"_jetpack_memberships_contains_paid_content":false,"footnotes":"","jetpack_publicize_message":"","jetpack_publicize_feature_enabled":true,"jetpack_social_post_already_shared":true,"jetpack_social_options":{"image_generator_settings":{"template":"highway","default_image_id":0,"font":"","enabled":false},"version":2}},"categories":[6,4],"tags":[69,194,1293],"class_list":["post-75925","post","type-post","status-publish","format-standard","has-post-thumbnail","hentry","category-deportes","category-destacadas","tag-central-cordoba","tag-copa-libertadores","tag-deportivo-tachira"],"aioseo_notices":[],"views":17,"jetpack_publicize_connections":[],"jetpack_featured_media_url":"https:\/\/i0.wp.com\/elterritorialweb.com.ar\/web\/wp-content\/uploads\/2025\/05\/IMG-20250528-WA0069-scaled.jpg?fit=2560%2C1706&ssl=1","jetpack_sharing_enabled":true,"_links":{"self":[{"href":"https:\/\/elterritorialweb.com.ar\/web\/wp-json\/wp\/v2\/posts\/75925","targetHints":{"allow":["GET"]}}],"collection":[{"href":"https:\/\/elterritorialweb.com.ar\/web\/wp-json\/wp\/v2\/posts"}],"about":[{"href":"https:\/\/elterritorialweb.com.ar\/web\/wp-json\/wp\/v2\/types\/post"}],"author":[{"embeddable":true,"href":"https:\/\/elterritorialweb.com.ar\/web\/wp-json\/wp\/v2\/users\/2"}],"replies":[{"embeddable":true,"href":"https:\/\/elterritorialweb.com.ar\/web\/wp-json\/wp\/v2\/comments?post=75925"}],"version-history":[{"count":1,"href":"https:\/\/elterritorialweb.com.ar\/web\/wp-json\/wp\/v2\/posts\/75925\/revisions"}],"predecessor-version":[{"id":75930,"href":"https:\/\/elterritorialweb.com.ar\/web\/wp-json\/wp\/v2\/posts\/75925\/revisions\/75930"}],"wp:featuredmedia":[{"embeddable":true,"href":"https:\/\/elterritorialweb.com.ar\/web\/wp-json\/wp\/v2\/media\/75927"}],"wp:attachment":[{"href":"https:\/\/elterritorialweb.com.ar\/web\/wp-json\/wp\/v2\/media?parent=75925"}],"wp:term":[{"taxonomy":"category","embeddable":true,"href":"https:\/\/elterritorialweb.com.ar\/web\/wp-json\/wp\/v2\/categories?post=75925"},{"taxonomy":"post_tag","embeddable":true,"href":"https:\/\/elterritorialweb.com.ar\/web\/wp-json\/wp\/v2\/tags?post=75925"}],"curies":[{"name":"wp","href":"https:\/\/api.w.org\/{rel}","templated":true}]}}