{"id":75931,"date":"2025-05-30T20:45:25","date_gmt":"2025-05-30T20:45:25","guid":{"rendered":"https:\/\/elterritorialweb.com.ar\/web\/?p=75931"},"modified":"2025-05-30T20:45:27","modified_gmt":"2025-05-30T20:45:27","slug":"santiago-presente-en-el-xxi-encuentro-de-responsables-de-ceremonial-y-protocolo-de-los-poderes-judiciales-del-pais","status":"publish","type":"post","link":"https:\/\/elterritorialweb.com.ar\/web\/santiago-presente-en-el-xxi-encuentro-de-responsables-de-ceremonial-y-protocolo-de-los-poderes-judiciales-del-pais\/","title":{"rendered":"SANTIAGO PRESENTE EN EL XXI ENCUENTRO DE RESPONSABLES DE CEREMONIAL Y PROTOCOLO DE LOS PODERES JUDICIALES DEL PA\u00cdS"},"content":{"rendered":"\n<p>El <strong>Poder Judicial de Santiago del Estero<\/strong> estuvo presente en el <strong>XXI Encuentro de los Responsables de Ceremonial y Protocolo,<\/strong> organizado por la Junta Federal de Cortes y Superiores Tribunales de Justicia de las Provincias Argentinas y Ciudad Aut\u00f3noma de Buenos Aires (Ju.Fe.Jus.).<\/p>\n\n\n\n<p>En representaci\u00f3n de la Justicia santiague\u00f1a asisti\u00f3 la responsable del \u00c1rea de Protocolo y Ceremonial, <strong>Margarita Teresa Gonz\u00e1lez<\/strong> y <strong>Emilia Billaud.<\/strong><\/p>\n\n\n\n<p>La apertura estuvo a cargo del secretario de Relaciones Institucionales y Actas de JuFeJus y juez del Tribunal Superior de Justicia de CABA, <strong>Dr. Santiago Otamendi.<\/strong><\/p>\n\n\n\n<figure class=\"wp-block-image size-large\"><a href=\"https:\/\/i0.wp.com\/elterritorialweb.com.ar\/web\/wp-content\/uploads\/2025\/05\/1000056274.jpg?ssl=1\"><img data-recalc-dims=\"1\" decoding=\"async\" width=\"640\" height=\"426\" data-src=\"https:\/\/i0.wp.com\/elterritorialweb.com.ar\/web\/wp-content\/uploads\/2025\/05\/1000056274-1024x682.jpg?resize=640%2C426&#038;ssl=1\" alt=\"\" class=\"wp-image-75933 lazyload\" data-srcset=\"https:\/\/i0.wp.com\/elterritorialweb.com.ar\/web\/wp-content\/uploads\/2025\/05\/1000056274.jpg?resize=1024%2C682&amp;ssl=1 1024w, https:\/\/i0.wp.com\/elterritorialweb.com.ar\/web\/wp-content\/uploads\/2025\/05\/1000056274.jpg?resize=300%2C200&amp;ssl=1 300w, https:\/\/i0.wp.com\/elterritorialweb.com.ar\/web\/wp-content\/uploads\/2025\/05\/1000056274.jpg?resize=768%2C512&amp;ssl=1 768w, https:\/\/i0.wp.com\/elterritorialweb.com.ar\/web\/wp-content\/uploads\/2025\/05\/1000056274.jpg?w=1135&amp;ssl=1 1135w\" data-sizes=\"(max-width: 640px) 100vw, 640px\" src=\"data:image\/svg+xml;base64,PHN2ZyB3aWR0aD0iMSIgaGVpZ2h0PSIxIiB4bWxucz0iaHR0cDovL3d3dy53My5vcmcvMjAwMC9zdmciPjwvc3ZnPg==\" style=\"--smush-placeholder-width: 640px; --smush-placeholder-aspect-ratio: 640\/426;\" \/><\/a><\/figure>\n\n\n\n<p>Durante el encuentro, se abordaron tem\u00e1ticas relacionadas con el uso de la IA en el ceremonial oficial; ceremonias interpoderes y se expusieron experiencias y propuestas de las jurisdicciones.<\/p>\n\n\n\n<p>Adem\u00e1s, se dict\u00f3 la conferencia \u00abLa Bandera de la Libertad Civil. Historia. Uso y tratamiento protocolar. S\u00edmbolos nacionales. Puesta en descanso definitivo\u00bb, a cargo del coordinador de Ceremonial de la Jefatura de Gabinete de Ministros y especialista en Her\u00e1ldica y Vexiolog\u00eda, <strong>Hern\u00e1n Iris.<\/strong><\/p>\n\n\n\n<p>Por otra parte, como parte de las actividades programadas, se efectuaron visitas guiadas al Senado de la Naci\u00f3n, la Embajada de Francia y la Corte Suprema de Justicia.<\/p>\n","protected":false},"excerpt":{"rendered":"<p>El programa contempl\u00f3 capacitaciones y deliberaciones en torno al trabajo abordados por especialistas en la materia.<\/p>\n","protected":false},"author":2,"featured_media":75932,"comment_status":"open","ping_status":"open","sticky":false,"template":"","format":"standard","meta":{"om_disable_all_campaigns":false,"_monsterinsights_skip_tracking":false,"_monsterinsights_sitenote_active":false,"_monsterinsights_sitenote_note":"","_monsterinsights_sitenote_category":0,"_uf_show_specific_survey":0,"_uf_disable_surveys":false,"jetpack_post_was_ever_published":false,"_jetpack_newsletter_access":"","_jetpack_dont_email_post_to_subs":false,"_jetpack_newsletter_tier_id":0,"_jetpack_memberships_contains_paywalled_content":false,"_jetpack_memberships_contains_paid_content":false,"footnotes":"","jetpack_publicize_message":"","jetpack_publicize_feature_enabled":true,"jetpack_social_post_already_shared":true,"jetpack_social_options":{"image_generator_settings":{"template":"highway","default_image_id":0,"font":"","enabled":false},"version":2}},"categories":[4,38],"tags":[1347,61],"class_list":["post-75931","post","type-post","status-publish","format-standard","has-post-thumbnail","hentry","category-destacadas","category-judiciales","tag-encuentro-de-los-responsables-de-ceremonial-y-protocolo","tag-poder-judicial"],"aioseo_notices":[],"views":15,"jetpack_publicize_connections":[],"jetpack_featured_media_url":"https:\/\/i0.wp.com\/elterritorialweb.com.ar\/web\/wp-content\/uploads\/2025\/05\/reproju001.jpg?fit=1088%2C725&ssl=1","jetpack_sharing_enabled":true,"_links":{"self":[{"href":"https:\/\/elterritorialweb.com.ar\/web\/wp-json\/wp\/v2\/posts\/75931","targetHints":{"allow":["GET"]}}],"collection":[{"href":"https:\/\/elterritorialweb.com.ar\/web\/wp-json\/wp\/v2\/posts"}],"about":[{"href":"https:\/\/elterritorialweb.com.ar\/web\/wp-json\/wp\/v2\/types\/post"}],"author":[{"embeddable":true,"href":"https:\/\/elterritorialweb.com.ar\/web\/wp-json\/wp\/v2\/users\/2"}],"replies":[{"embeddable":true,"href":"https:\/\/elterritorialweb.com.ar\/web\/wp-json\/wp\/v2\/comments?post=75931"}],"version-history":[{"count":1,"href":"https:\/\/elterritorialweb.com.ar\/web\/wp-json\/wp\/v2\/posts\/75931\/revisions"}],"predecessor-version":[{"id":75934,"href":"https:\/\/elterritorialweb.com.ar\/web\/wp-json\/wp\/v2\/posts\/75931\/revisions\/75934"}],"wp:featuredmedia":[{"embeddable":true,"href":"https:\/\/elterritorialweb.com.ar\/web\/wp-json\/wp\/v2\/media\/75932"}],"wp:attachment":[{"href":"https:\/\/elterritorialweb.com.ar\/web\/wp-json\/wp\/v2\/media?parent=75931"}],"wp:term":[{"taxonomy":"category","embeddable":true,"href":"https:\/\/elterritorialweb.com.ar\/web\/wp-json\/wp\/v2\/categories?post=75931"},{"taxonomy":"post_tag","embeddable":true,"href":"https:\/\/elterritorialweb.com.ar\/web\/wp-json\/wp\/v2\/tags?post=75931"}],"curies":[{"name":"wp","href":"https:\/\/api.w.org\/{rel}","templated":true}]}}