{"id":75944,"date":"2025-05-30T22:59:43","date_gmt":"2025-05-30T22:59:43","guid":{"rendered":"https:\/\/elterritorialweb.com.ar\/web\/?p=75944"},"modified":"2025-05-30T22:59:45","modified_gmt":"2025-05-30T22:59:45","slug":"la-liga-profesional-prepara-una-fiesta-completa-para-la-final-del-torneo-apertura-2025","status":"publish","type":"post","link":"https:\/\/elterritorialweb.com.ar\/web\/la-liga-profesional-prepara-una-fiesta-completa-para-la-final-del-torneo-apertura-2025\/","title":{"rendered":"LA LIGA PROFESIONAL PREPARA UNA FIESTA COMPLETA PARA LA FINAL DEL TORNEO APERTURA 2025"},"content":{"rendered":"\n<p>La <strong>Liga Profesional de F\u00fatbol <\/strong>comunica que con el fin de matizar la espera del partido que este domingo disputar\u00e1n <strong>Hurac\u00e1n y Platense<\/strong> en el <strong>Estadio \u00danico Madre de Ciudades<\/strong> por la <strong>final del Torneo Apertura 2025, <\/strong>se ha preparado un gran espect\u00e1culo para el p\u00fablico.<\/p>\n\n\n\n<p>Est\u00e1 prevista la proyecci\u00f3n de un video de Santiago del Estero, en el que se podr\u00e1 apreciar toda la provincia; la presentaci\u00f3n de la jornada y gran arenga del conductor televisivo Mariano I\u00fadica, quien adem\u00e1s propondr\u00e1 juegos con la gente a trav\u00e9s de una Kiss Cam, oportunidad en la que se lanzar\u00e1n remeras y otros premios a las tribunas.<\/p>\n\n\n\n<p>Tambi\u00e9n habr\u00e1 un duelo de hinchadas conducido por I\u00fadica y una destacada musicalizaci\u00f3n en vivo; seguido de un video musical de Soledad y Luck Ra especialmente compuesto y realizado para la Liga\/Afa.<\/p>\n\n\n\n<p>La fiesta continuar\u00e1 con un espect\u00e1culo del grupo de cumbia Yerba Brava. En tanto, en la ceremonia central el Himno Nacional Argentino ser\u00e1 interpretado por el ex combatiente de Malvinas, Fabio Santana. En el entretiempo se realizar\u00e1 una propuesta de entretenimiento, denominada \u201cArgentina Patea\u201d.<\/p>\n\n\n\n<p>Mientras que tras la definici\u00f3n entre los finalistas se har\u00e1 la gran coronaci\u00f3n del campe\u00f3n del Torneo Apertura 2025 con la entrega de medallas y de la ansiada copa, para cerrar con un espect\u00e1culo de fuegos artificiales.<\/p>\n","protected":false},"excerpt":{"rendered":"<p>Desde la organizaci\u00f3n prepararon un gran show para que la espera de los hinchas sea m\u00e1s amena.<\/p>\n","protected":false},"author":2,"featured_media":65488,"comment_status":"open","ping_status":"open","sticky":false,"template":"","format":"standard","meta":{"om_disable_all_campaigns":false,"_monsterinsights_skip_tracking":false,"_monsterinsights_sitenote_active":false,"_monsterinsights_sitenote_note":"","_monsterinsights_sitenote_category":0,"_uf_show_specific_survey":0,"_uf_disable_surveys":false,"jetpack_post_was_ever_published":false,"_jetpack_newsletter_access":"","_jetpack_dont_email_post_to_subs":false,"_jetpack_newsletter_tier_id":0,"_jetpack_memberships_contains_paywalled_content":false,"_jetpack_memberships_contains_paid_content":false,"footnotes":"","jetpack_publicize_message":"","jetpack_publicize_feature_enabled":true,"jetpack_social_post_already_shared":true,"jetpack_social_options":{"image_generator_settings":{"template":"highway","default_image_id":0,"font":"","enabled":false},"version":2}},"categories":[6,4],"tags":[104],"class_list":["post-75944","post","type-post","status-publish","format-standard","has-post-thumbnail","hentry","category-deportes","category-destacadas","tag-liga-profesional-de-futbol"],"aioseo_notices":[],"views":21,"jetpack_publicize_connections":[],"jetpack_featured_media_url":"https:\/\/i0.wp.com\/elterritorialweb.com.ar\/web\/wp-content\/uploads\/2024\/04\/estadio-unico-1-e1684586746413.jpg?fit=1080%2C521&ssl=1","jetpack_sharing_enabled":true,"_links":{"self":[{"href":"https:\/\/elterritorialweb.com.ar\/web\/wp-json\/wp\/v2\/posts\/75944","targetHints":{"allow":["GET"]}}],"collection":[{"href":"https:\/\/elterritorialweb.com.ar\/web\/wp-json\/wp\/v2\/posts"}],"about":[{"href":"https:\/\/elterritorialweb.com.ar\/web\/wp-json\/wp\/v2\/types\/post"}],"author":[{"embeddable":true,"href":"https:\/\/elterritorialweb.com.ar\/web\/wp-json\/wp\/v2\/users\/2"}],"replies":[{"embeddable":true,"href":"https:\/\/elterritorialweb.com.ar\/web\/wp-json\/wp\/v2\/comments?post=75944"}],"version-history":[{"count":1,"href":"https:\/\/elterritorialweb.com.ar\/web\/wp-json\/wp\/v2\/posts\/75944\/revisions"}],"predecessor-version":[{"id":75945,"href":"https:\/\/elterritorialweb.com.ar\/web\/wp-json\/wp\/v2\/posts\/75944\/revisions\/75945"}],"wp:featuredmedia":[{"embeddable":true,"href":"https:\/\/elterritorialweb.com.ar\/web\/wp-json\/wp\/v2\/media\/65488"}],"wp:attachment":[{"href":"https:\/\/elterritorialweb.com.ar\/web\/wp-json\/wp\/v2\/media?parent=75944"}],"wp:term":[{"taxonomy":"category","embeddable":true,"href":"https:\/\/elterritorialweb.com.ar\/web\/wp-json\/wp\/v2\/categories?post=75944"},{"taxonomy":"post_tag","embeddable":true,"href":"https:\/\/elterritorialweb.com.ar\/web\/wp-json\/wp\/v2\/tags?post=75944"}],"curies":[{"name":"wp","href":"https:\/\/api.w.org\/{rel}","templated":true}]}}