{"id":75951,"date":"2025-05-31T17:11:54","date_gmt":"2025-05-31T17:11:54","guid":{"rendered":"https:\/\/elterritorialweb.com.ar\/web\/?p=75951"},"modified":"2025-05-31T17:11:56","modified_gmt":"2025-05-31T17:11:56","slug":"villa-figueroa-celebro-sus-165-anos-con-un-acto-y-la-inauguracion-de-obras","status":"publish","type":"post","link":"https:\/\/elterritorialweb.com.ar\/web\/villa-figueroa-celebro-sus-165-anos-con-un-acto-y-la-inauguracion-de-obras\/","title":{"rendered":"VILLA FIGUEROA CELEBR\u00d3 SUS 165 A\u00d1OS CON UN ACTO Y LA INAUGURACI\u00d3N DE OBRAS"},"content":{"rendered":"\n<p>Del acto central participaron los ministros de Desarrollo Social, <strong>\u00c1ngel Niccolai<\/strong> y de Producci\u00f3n, Miguel Mandrille; el secretario de Obras P\u00fablicas, <strong>Jorge Zua\u00edn<\/strong>, legisladores nacionales y jefes comunales de la zona, entre otros invitados que fueron recibidos por la comisionada municipal local, <strong>Gabriela Gerez Bravo.<\/strong><\/p>\n\n\n\n<p>El corte de cintas desde donde se oficializ\u00f3 la habilitaci\u00f3n y <strong>entrega de las viviendas sociales<\/strong> construidas por la <strong>Comisi\u00f3n Municipal de Villa Figueroa <\/strong>con fondos del Gobierno de la provincia, se efectu\u00f3 en el domicilio de Mar\u00eda Rosa Far\u00edas, en el paraje La Candelaria.<\/p>\n\n\n\n<figure class=\"wp-block-image size-large\"><a href=\"https:\/\/i0.wp.com\/elterritorialweb.com.ar\/web\/wp-content\/uploads\/2025\/05\/IMG-20250531-WA0002.jpg\"><img data-recalc-dims=\"1\" decoding=\"async\" width=\"640\" height=\"426\" data-src=\"https:\/\/i0.wp.com\/elterritorialweb.com.ar\/web\/wp-content\/uploads\/2025\/05\/IMG-20250531-WA0002.jpg?resize=640%2C426\" alt=\"\" class=\"wp-image-75955 lazyload\" data-srcset=\"https:\/\/i0.wp.com\/elterritorialweb.com.ar\/web\/wp-content\/uploads\/2025\/05\/IMG-20250531-WA0002.jpg?resize=1024%2C682&amp;ssl=1 1024w, https:\/\/i0.wp.com\/elterritorialweb.com.ar\/web\/wp-content\/uploads\/2025\/05\/IMG-20250531-WA0002.jpg?resize=300%2C200&amp;ssl=1 300w, https:\/\/i0.wp.com\/elterritorialweb.com.ar\/web\/wp-content\/uploads\/2025\/05\/IMG-20250531-WA0002.jpg?resize=768%2C512&amp;ssl=1 768w, https:\/\/i0.wp.com\/elterritorialweb.com.ar\/web\/wp-content\/uploads\/2025\/05\/IMG-20250531-WA0002.jpg?resize=1536%2C1023&amp;ssl=1 1536w, https:\/\/i0.wp.com\/elterritorialweb.com.ar\/web\/wp-content\/uploads\/2025\/05\/IMG-20250531-WA0002.jpg?w=1600&amp;ssl=1 1600w, https:\/\/i0.wp.com\/elterritorialweb.com.ar\/web\/wp-content\/uploads\/2025\/05\/IMG-20250531-WA0002.jpg?w=1280 1280w\" data-sizes=\"(max-width: 640px) 100vw, 640px\" src=\"data:image\/svg+xml;base64,PHN2ZyB3aWR0aD0iMSIgaGVpZ2h0PSIxIiB4bWxucz0iaHR0cDovL3d3dy53My5vcmcvMjAwMC9zdmciPjwvc3ZnPg==\" style=\"--smush-placeholder-width: 640px; --smush-placeholder-aspect-ratio: 640\/426;\" \/><\/a><\/figure>\n\n\n\n<p>El resto de las casas est\u00e1n distribuidas en los parajes Rumi, La Chichita, La Fortuna y San Felix.<br>Antes del inicio de la parte protocolar, las autoridades inauguraron la pavimentaci\u00f3n de la avenida principal y la imposici\u00f3n a este corredor del nombre \u00abH\u00e9roes de Malvinas\u00bb .<\/p>\n\n\n\n<p>Ya durante el acto, la comisionada <strong>Gerez Bravo<\/strong> sostuvo: <em>\u00abEs una inmensa alegr\u00eda celebrar un aniversario m\u00e1s de nuestro pueblo con acciones fundamentales para los vecinos, porque a pesar de la crisis a nivel nacional, nuestro pueblo no ha parado de crecer y eso es porque detr\u00e1s de cada obra, hay un Gobierno provincial presente\u00bb.<\/em><\/p>\n\n\n\n<figure class=\"wp-block-image size-large\"><a href=\"https:\/\/i0.wp.com\/elterritorialweb.com.ar\/web\/wp-content\/uploads\/2025\/05\/IMG-20250531-WA0000.jpg\"><img data-recalc-dims=\"1\" decoding=\"async\" width=\"640\" height=\"426\" data-src=\"https:\/\/i0.wp.com\/elterritorialweb.com.ar\/web\/wp-content\/uploads\/2025\/05\/IMG-20250531-WA0000.jpg?resize=640%2C426\" alt=\"\" class=\"wp-image-75956 lazyload\" data-srcset=\"https:\/\/i0.wp.com\/elterritorialweb.com.ar\/web\/wp-content\/uploads\/2025\/05\/IMG-20250531-WA0000.jpg?resize=1024%2C682&amp;ssl=1 1024w, https:\/\/i0.wp.com\/elterritorialweb.com.ar\/web\/wp-content\/uploads\/2025\/05\/IMG-20250531-WA0000.jpg?resize=300%2C200&amp;ssl=1 300w, https:\/\/i0.wp.com\/elterritorialweb.com.ar\/web\/wp-content\/uploads\/2025\/05\/IMG-20250531-WA0000.jpg?resize=768%2C512&amp;ssl=1 768w, https:\/\/i0.wp.com\/elterritorialweb.com.ar\/web\/wp-content\/uploads\/2025\/05\/IMG-20250531-WA0000.jpg?resize=1536%2C1023&amp;ssl=1 1536w, https:\/\/i0.wp.com\/elterritorialweb.com.ar\/web\/wp-content\/uploads\/2025\/05\/IMG-20250531-WA0000.jpg?w=1600&amp;ssl=1 1600w, https:\/\/i0.wp.com\/elterritorialweb.com.ar\/web\/wp-content\/uploads\/2025\/05\/IMG-20250531-WA0000.jpg?w=1280 1280w\" data-sizes=\"(max-width: 640px) 100vw, 640px\" src=\"data:image\/svg+xml;base64,PHN2ZyB3aWR0aD0iMSIgaGVpZ2h0PSIxIiB4bWxucz0iaHR0cDovL3d3dy53My5vcmcvMjAwMC9zdmciPjwvc3ZnPg==\" style=\"--smush-placeholder-width: 640px; --smush-placeholder-aspect-ratio: 640\/426;\" \/><\/a><\/figure>\n\n\n\n<p>Al final, elogi\u00f3 el programa de viviendas sociales que impacta en los sectores vulnerables y que han permitido<em> \u00abque miles de familias en todo el territorio santiague\u00f1o accedan a la casa propia en el lugar de sus afectos\u00bb.<\/em><\/p>\n\n\n\n<p>A su turno, <strong>Niccolai<\/strong>, en su mensaje record\u00f3 que Villa Figueroa forma parte de un departamento que era emblem\u00e1tico por los \u00edndices de necesidades b\u00e1sicas insatisfechas y asegur\u00f3: <em>\u00abDespu\u00e9s de 20 a\u00f1os la realidad ha cambiado, con obras trascendentales de infraestructura b\u00e1sica que han permitido que hoy Santiago del Estero sea la provincia que m\u00e1s creci\u00f3 en estos a\u00f1os\u00bb.<\/em><\/p>\n\n\n\n<figure class=\"wp-block-image size-large\"><a href=\"https:\/\/i0.wp.com\/elterritorialweb.com.ar\/web\/wp-content\/uploads\/2025\/05\/IMG-20250531-WA0004.jpg\"><img data-recalc-dims=\"1\" decoding=\"async\" width=\"640\" height=\"426\" data-src=\"https:\/\/i0.wp.com\/elterritorialweb.com.ar\/web\/wp-content\/uploads\/2025\/05\/IMG-20250531-WA0004.jpg?resize=640%2C426\" alt=\"\" class=\"wp-image-75952 lazyload\" data-srcset=\"https:\/\/i0.wp.com\/elterritorialweb.com.ar\/web\/wp-content\/uploads\/2025\/05\/IMG-20250531-WA0004.jpg?resize=1024%2C682&amp;ssl=1 1024w, https:\/\/i0.wp.com\/elterritorialweb.com.ar\/web\/wp-content\/uploads\/2025\/05\/IMG-20250531-WA0004.jpg?resize=300%2C200&amp;ssl=1 300w, https:\/\/i0.wp.com\/elterritorialweb.com.ar\/web\/wp-content\/uploads\/2025\/05\/IMG-20250531-WA0004.jpg?resize=768%2C512&amp;ssl=1 768w, https:\/\/i0.wp.com\/elterritorialweb.com.ar\/web\/wp-content\/uploads\/2025\/05\/IMG-20250531-WA0004.jpg?resize=1536%2C1023&amp;ssl=1 1536w, https:\/\/i0.wp.com\/elterritorialweb.com.ar\/web\/wp-content\/uploads\/2025\/05\/IMG-20250531-WA0004.jpg?w=1600&amp;ssl=1 1600w, https:\/\/i0.wp.com\/elterritorialweb.com.ar\/web\/wp-content\/uploads\/2025\/05\/IMG-20250531-WA0004.jpg?w=1280 1280w\" data-sizes=\"(max-width: 640px) 100vw, 640px\" src=\"data:image\/svg+xml;base64,PHN2ZyB3aWR0aD0iMSIgaGVpZ2h0PSIxIiB4bWxucz0iaHR0cDovL3d3dy53My5vcmcvMjAwMC9zdmciPjwvc3ZnPg==\" style=\"--smush-placeholder-width: 640px; --smush-placeholder-aspect-ratio: 640\/426;\" \/><\/a><\/figure>\n\n\n\n<p>Con respecto al programa habitacional que se lleva adelante a trav\u00e9s de su cartera, dijo:<em> \u00abCada vivienda construida significa que familias santiague\u00f1as han cambiado la calidad de vida y las expectativas\u00bb.<\/em><\/p>\n\n\n\n<p>Al concluir dijo:<em> \u00abLos aniversarios son para recordar a quienes hicieron grande al pueblo, aportaron su trabajo y esfuerzo\u00bb y agreg\u00f3: \u00abHoy el desaf\u00edo es trabajar todos juntos con el mismo objetivo para seguir haciendo crecer a nuestra provincia\u00bb.<\/em><\/p>\n\n\n\n<figure class=\"wp-block-image size-large\"><a href=\"https:\/\/i0.wp.com\/elterritorialweb.com.ar\/web\/wp-content\/uploads\/2025\/05\/IMG-20250531-WA0001.jpg\"><img data-recalc-dims=\"1\" decoding=\"async\" width=\"640\" height=\"426\" data-src=\"https:\/\/i0.wp.com\/elterritorialweb.com.ar\/web\/wp-content\/uploads\/2025\/05\/IMG-20250531-WA0001.jpg?resize=640%2C426\" alt=\"\" class=\"wp-image-75954 lazyload\" data-srcset=\"https:\/\/i0.wp.com\/elterritorialweb.com.ar\/web\/wp-content\/uploads\/2025\/05\/IMG-20250531-WA0001.jpg?resize=1024%2C682&amp;ssl=1 1024w, https:\/\/i0.wp.com\/elterritorialweb.com.ar\/web\/wp-content\/uploads\/2025\/05\/IMG-20250531-WA0001.jpg?resize=300%2C200&amp;ssl=1 300w, https:\/\/i0.wp.com\/elterritorialweb.com.ar\/web\/wp-content\/uploads\/2025\/05\/IMG-20250531-WA0001.jpg?resize=768%2C512&amp;ssl=1 768w, https:\/\/i0.wp.com\/elterritorialweb.com.ar\/web\/wp-content\/uploads\/2025\/05\/IMG-20250531-WA0001.jpg?resize=1536%2C1023&amp;ssl=1 1536w, https:\/\/i0.wp.com\/elterritorialweb.com.ar\/web\/wp-content\/uploads\/2025\/05\/IMG-20250531-WA0001.jpg?w=1600&amp;ssl=1 1600w, https:\/\/i0.wp.com\/elterritorialweb.com.ar\/web\/wp-content\/uploads\/2025\/05\/IMG-20250531-WA0001.jpg?w=1280 1280w\" data-sizes=\"(max-width: 640px) 100vw, 640px\" src=\"data:image\/svg+xml;base64,PHN2ZyB3aWR0aD0iMSIgaGVpZ2h0PSIxIiB4bWxucz0iaHR0cDovL3d3dy53My5vcmcvMjAwMC9zdmciPjwvc3ZnPg==\" style=\"--smush-placeholder-width: 640px; --smush-placeholder-aspect-ratio: 640\/426;\" \/><\/a><\/figure>\n\n\n\n<p>Durante el acto, se entregaron reconocimientos a vecinos que se destacaron por diferentes motivos a lo largo de los a\u00f1os y que hicieron sus aportes para el crecimiento del pueblo.<\/p>\n","protected":false},"excerpt":{"rendered":"<p>La comunidad de Villa Figueroa vivi\u00f3 este viernes por la tarde una jornada memorable con la inauguraci\u00f3n de 9 viviendas sociales y pavimento sobre la avenida principal, en el marco del 165\u00b0 aniversario de esta comunidad.<\/p>\n","protected":false},"author":2,"featured_media":75953,"comment_status":"open","ping_status":"open","sticky":false,"template":"","format":"standard","meta":{"om_disable_all_campaigns":false,"_monsterinsights_skip_tracking":false,"_monsterinsights_sitenote_active":false,"_monsterinsights_sitenote_note":"","_monsterinsights_sitenote_category":0,"_uf_show_specific_survey":0,"_uf_disable_surveys":false,"jetpack_post_was_ever_published":false,"_jetpack_newsletter_access":"","_jetpack_dont_email_post_to_subs":false,"_jetpack_newsletter_tier_id":0,"_jetpack_memberships_contains_paywalled_content":false,"_jetpack_memberships_contains_paid_content":false,"footnotes":"","jetpack_publicize_message":"","jetpack_publicize_feature_enabled":true,"jetpack_social_post_already_shared":true,"jetpack_social_options":{"image_generator_settings":{"template":"highway","default_image_id":0,"font":"","enabled":false},"version":2}},"categories":[4,35],"tags":[],"class_list":["post-75951","post","type-post","status-publish","format-standard","has-post-thumbnail","hentry","category-destacadas","category-interior"],"aioseo_notices":[],"views":12,"jetpack_publicize_connections":[],"jetpack_featured_media_url":"https:\/\/i0.wp.com\/elterritorialweb.com.ar\/web\/wp-content\/uploads\/2025\/05\/IMG-20250531-WA0003.jpg?fit=1600%2C1066&ssl=1","jetpack_sharing_enabled":true,"_links":{"self":[{"href":"https:\/\/elterritorialweb.com.ar\/web\/wp-json\/wp\/v2\/posts\/75951","targetHints":{"allow":["GET"]}}],"collection":[{"href":"https:\/\/elterritorialweb.com.ar\/web\/wp-json\/wp\/v2\/posts"}],"about":[{"href":"https:\/\/elterritorialweb.com.ar\/web\/wp-json\/wp\/v2\/types\/post"}],"author":[{"embeddable":true,"href":"https:\/\/elterritorialweb.com.ar\/web\/wp-json\/wp\/v2\/users\/2"}],"replies":[{"embeddable":true,"href":"https:\/\/elterritorialweb.com.ar\/web\/wp-json\/wp\/v2\/comments?post=75951"}],"version-history":[{"count":1,"href":"https:\/\/elterritorialweb.com.ar\/web\/wp-json\/wp\/v2\/posts\/75951\/revisions"}],"predecessor-version":[{"id":75957,"href":"https:\/\/elterritorialweb.com.ar\/web\/wp-json\/wp\/v2\/posts\/75951\/revisions\/75957"}],"wp:featuredmedia":[{"embeddable":true,"href":"https:\/\/elterritorialweb.com.ar\/web\/wp-json\/wp\/v2\/media\/75953"}],"wp:attachment":[{"href":"https:\/\/elterritorialweb.com.ar\/web\/wp-json\/wp\/v2\/media?parent=75951"}],"wp:term":[{"taxonomy":"category","embeddable":true,"href":"https:\/\/elterritorialweb.com.ar\/web\/wp-json\/wp\/v2\/categories?post=75951"},{"taxonomy":"post_tag","embeddable":true,"href":"https:\/\/elterritorialweb.com.ar\/web\/wp-json\/wp\/v2\/tags?post=75951"}],"curies":[{"name":"wp","href":"https:\/\/api.w.org\/{rel}","templated":true}]}}