{"id":76138,"date":"2025-06-09T14:04:39","date_gmt":"2025-06-09T14:04:39","guid":{"rendered":"http:\/\/elterritorialweb.com.ar\/web\/?p=76138"},"modified":"2025-06-09T14:04:43","modified_gmt":"2025-06-09T14:04:43","slug":"jornada-sobre-vih-para-promover-una-sociedad-mas-empatica","status":"publish","type":"post","link":"https:\/\/elterritorialweb.com.ar\/web\/jornada-sobre-vih-para-promover-una-sociedad-mas-empatica\/","title":{"rendered":"JORNADA SOBRE VIH PARA PROMOVER UNA SOCIEDAD M\u00c1S EMPATICA"},"content":{"rendered":"\n<p>La iniciativa impulsada por estudiantes de la <strong>carrera de Educaci\u00f3n por la Salud<\/strong> y acompa\u00f1ada por la<strong> Facultad de Humanidades,<\/strong> estuvo a cargo de <strong>Mat\u00edas Mu\u00f1oz<\/strong>, <strong>presidente de la Asociaci\u00f3n Ciclo Positivo y referente en activismo por los derechos de las personas con VIH<\/strong>, quien brind\u00f3 una charla desde su experiencia personal y profesional.<\/p>\n\n\n\n<p>La apertura estuvo a cargo del decano de Humanidades, <strong>Marcelino Ledesma<\/strong>; la vicedecana, <strong>Sandra Moreira<\/strong> y <strong>Gisela Garc\u00eda Chamut<\/strong>, coordinadora de la carrera, quienes estuvieron acompa\u00f1ados por integrantes del Ministerio de Salud de la provincia.<\/p>\n\n\n\n<p>En su discurso, <strong>Ledesma<\/strong> destac\u00f3 el trabajo del equipo que se encarg\u00f3 de la organizaci\u00f3n de las jornadas y puso de relieve la generaci\u00f3n de estos espacios de di\u00e1logo. <em>\u201cPara nosotros resulta significativo construir conocimientos desde nuestros saberes, nuestras experiencias, nuestras miradas de manera continua y permanente, no solamente en las aulas, sino en cualquier espacio de construcci\u00f3n extra \u00e1ulica\u201d.<\/em><\/p>\n\n\n\n<p>El <strong>decano<\/strong> afirm\u00f3 que <em>\u201cdesde la universidad estamos comprometidos y propiciamos estos espacios a quienes tienen las ideas y por eso los principales agradecidos somos nosotros por el compromiso que demuestran nuestros estudiantes con la carrera en la que se est\u00e1n formando\u201d.<\/em><\/p>\n\n\n\n<figure class=\"wp-block-image size-large\"><a href=\"https:\/\/i0.wp.com\/elterritorialweb.com.ar\/web\/wp-content\/uploads\/2025\/06\/JornadaEPS1-1.jpg\"><img data-recalc-dims=\"1\" decoding=\"async\" width=\"640\" height=\"480\" data-src=\"https:\/\/i0.wp.com\/elterritorialweb.com.ar\/web\/wp-content\/uploads\/2025\/06\/JornadaEPS1-1.jpg?resize=640%2C480\" alt=\"\" class=\"wp-image-76139 lazyload\" data-srcset=\"https:\/\/i0.wp.com\/elterritorialweb.com.ar\/web\/wp-content\/uploads\/2025\/06\/JornadaEPS1-1.jpg?resize=1024%2C768&amp;ssl=1 1024w, https:\/\/i0.wp.com\/elterritorialweb.com.ar\/web\/wp-content\/uploads\/2025\/06\/JornadaEPS1-1.jpg?resize=300%2C225&amp;ssl=1 300w, https:\/\/i0.wp.com\/elterritorialweb.com.ar\/web\/wp-content\/uploads\/2025\/06\/JornadaEPS1-1.jpg?resize=768%2C576&amp;ssl=1 768w, https:\/\/i0.wp.com\/elterritorialweb.com.ar\/web\/wp-content\/uploads\/2025\/06\/JornadaEPS1-1.jpg?resize=1536%2C1152&amp;ssl=1 1536w, https:\/\/i0.wp.com\/elterritorialweb.com.ar\/web\/wp-content\/uploads\/2025\/06\/JornadaEPS1-1.jpg?w=1600&amp;ssl=1 1600w, https:\/\/i0.wp.com\/elterritorialweb.com.ar\/web\/wp-content\/uploads\/2025\/06\/JornadaEPS1-1.jpg?w=1280 1280w\" data-sizes=\"(max-width: 640px) 100vw, 640px\" src=\"data:image\/svg+xml;base64,PHN2ZyB3aWR0aD0iMSIgaGVpZ2h0PSIxIiB4bWxucz0iaHR0cDovL3d3dy53My5vcmcvMjAwMC9zdmciPjwvc3ZnPg==\" style=\"--smush-placeholder-width: 640px; --smush-placeholder-aspect-ratio: 640\/480;\" \/><\/a><\/figure>\n\n\n\n<p>Por su parte, <strong>Moreira<\/strong> expres\u00f3 que <em>\u201ccompartir estas actividades y estas tem\u00e1ticas en un momento tan cr\u00edtico que atraviesa nuestro pa\u00eds en \u00e1mbitos como el de la salud es para destacar y felicitarlos por el compromiso con el que organizan estas jornadas\u201d.<\/em><\/p>\n\n\n\n<p>Asimismo, la <strong>vicedecana<\/strong> sostuvo que <em>\u201ca pesar de que no est\u00e1n dadas las condiciones a nivel nacional, existen estos espacios de lucha para seguir trabajando y defendiendo la salud p\u00fablica; sobre todo en estos tiempos en los que existen muchas personas en estado de vulnerabilidad, es importante poner en valor y reconocer todo esto que hacen\u201d.<\/em><\/p>\n\n\n\n<p>En tanto, <strong>Garc\u00eda Chamut<\/strong> resalt\u00f3: <em>\u201cEs sumamente importante que esta iniciativa haya nacido de un grupo de alumnos y marca un antes y un despu\u00e9s para la historia de nuestra carrera de Educaci\u00f3n para la Salud en cuanto al perfil de los alumnos, con un perfil cr\u00edtico y en permanente movimiento\u201d<\/em>.<\/p>\n\n\n\n<p>Finalmente, la<strong> coordinadora de la carrera <\/strong>detall\u00f3 que<em> \u201ces la primera vez que los estudiantes proponen una tem\u00e1tica para poder trabajarla, que nos sirva para sensibilizar y actualizar; a nosotros nos pareci\u00f3 muy importante que nazca de ellos porque son necesidades surgidas dentro del aula, es ponerse en el lugar del otro para entender, comprender y aprender\u201d.<\/em><\/p>\n","protected":false},"excerpt":{"rendered":"<p>Ante un gran marco de p\u00fablico se realiz\u00f3 con \u00e9xito la \u201cJornada de Sensibilizaci\u00f3n y Actualizaci\u00f3n de VIH\u201d, organizado por la Facultad de Humanidades, Ciencias Sociales y de la Salud de la UNSE, con el objetivo concientizar, derribar estigmas y promover una sociedad m\u00e1s emp\u00e1tica e informada.<\/p>\n","protected":false},"author":2,"featured_media":76140,"comment_status":"open","ping_status":"open","sticky":false,"template":"","format":"standard","meta":{"om_disable_all_campaigns":false,"_monsterinsights_skip_tracking":false,"_monsterinsights_sitenote_active":false,"_monsterinsights_sitenote_note":"","_monsterinsights_sitenote_category":0,"_uf_show_specific_survey":0,"_uf_disable_surveys":false,"jetpack_post_was_ever_published":false,"_jetpack_newsletter_access":"","_jetpack_dont_email_post_to_subs":false,"_jetpack_newsletter_tier_id":0,"_jetpack_memberships_contains_paywalled_content":false,"_jetpack_memberships_contains_paid_content":false,"footnotes":"","jetpack_publicize_message":"","jetpack_publicize_feature_enabled":true,"jetpack_social_post_already_shared":true,"jetpack_social_options":{"image_generator_settings":{"template":"highway","default_image_id":0,"font":"","enabled":false},"version":2}},"categories":[4,19],"tags":[999],"class_list":["post-76138","post","type-post","status-publish","format-standard","has-post-thumbnail","hentry","category-destacadas","category-educacion","tag-facultad-de-humanidades"],"aioseo_notices":[],"views":14,"jetpack_publicize_connections":[],"jetpack_featured_media_url":"https:\/\/i0.wp.com\/elterritorialweb.com.ar\/web\/wp-content\/uploads\/2025\/06\/JornadaEPS.jpg?fit=1337%2C744&ssl=1","jetpack_sharing_enabled":true,"_links":{"self":[{"href":"https:\/\/elterritorialweb.com.ar\/web\/wp-json\/wp\/v2\/posts\/76138","targetHints":{"allow":["GET"]}}],"collection":[{"href":"https:\/\/elterritorialweb.com.ar\/web\/wp-json\/wp\/v2\/posts"}],"about":[{"href":"https:\/\/elterritorialweb.com.ar\/web\/wp-json\/wp\/v2\/types\/post"}],"author":[{"embeddable":true,"href":"https:\/\/elterritorialweb.com.ar\/web\/wp-json\/wp\/v2\/users\/2"}],"replies":[{"embeddable":true,"href":"https:\/\/elterritorialweb.com.ar\/web\/wp-json\/wp\/v2\/comments?post=76138"}],"version-history":[{"count":1,"href":"https:\/\/elterritorialweb.com.ar\/web\/wp-json\/wp\/v2\/posts\/76138\/revisions"}],"predecessor-version":[{"id":76141,"href":"https:\/\/elterritorialweb.com.ar\/web\/wp-json\/wp\/v2\/posts\/76138\/revisions\/76141"}],"wp:featuredmedia":[{"embeddable":true,"href":"https:\/\/elterritorialweb.com.ar\/web\/wp-json\/wp\/v2\/media\/76140"}],"wp:attachment":[{"href":"https:\/\/elterritorialweb.com.ar\/web\/wp-json\/wp\/v2\/media?parent=76138"}],"wp:term":[{"taxonomy":"category","embeddable":true,"href":"https:\/\/elterritorialweb.com.ar\/web\/wp-json\/wp\/v2\/categories?post=76138"},{"taxonomy":"post_tag","embeddable":true,"href":"https:\/\/elterritorialweb.com.ar\/web\/wp-json\/wp\/v2\/tags?post=76138"}],"curies":[{"name":"wp","href":"https:\/\/api.w.org\/{rel}","templated":true}]}}