{"id":76142,"date":"2025-06-09T14:29:09","date_gmt":"2025-06-09T14:29:09","guid":{"rendered":"http:\/\/elterritorialweb.com.ar\/web\/?p=76142"},"modified":"2025-06-09T14:29:12","modified_gmt":"2025-06-09T14:29:12","slug":"se-abrio-la-muestra-artistica-en-el-centro-cultural-municipal-ricardo-rojas","status":"publish","type":"post","link":"https:\/\/elterritorialweb.com.ar\/web\/se-abrio-la-muestra-artistica-en-el-centro-cultural-municipal-ricardo-rojas\/","title":{"rendered":"SE ABRI\u00d3 LA MUESTRA ART\u00cdSTICA EN EL CENTRO CULTURAL MUNICIPAL RICARDO ROJAS"},"content":{"rendered":"\n<p>Con una concurrencia que llen\u00f3 las instalaciones del edificio, se exponen obras en peque\u00f1o y mediano formato de dibujos, pinturas y grabados, producciones realizadas durante los ciclos 2024 y 2025. Los autores y autoras de las obras va de los 8 a los 60 a\u00f1os.<\/p>\n\n\n\n<p>Durante la apertura, el director de Cultura de la Capital, Francisco Avenda\u00f1o, sostuvo que este tipo de eventos forman parte de la decisi\u00f3n de la intendente, Ing. Norma Fuentes, de abrir los espacios para distintas expresiones de artistas y para que el p\u00fablico pueda apreciar los trabajos.<\/p>\n\n\n\n<p>Las obras tienen como motivos personajes de la cultura pop, estrellas de cine, deportistas argentinos y paisajes de nuestra ciudad como el mercado Armonia.<\/p>\n","protected":false},"excerpt":{"rendered":"<p>En el Centro Cultural Ricardo Rojas de la Municipalidad de la Capital, qued\u00f3 inaugurada en la noche del s\u00e1bado la \u201cMuestra Art\u00edstica 2025\u201d, una exhibici\u00f3n que tiene como protagonistas a 80 alumnos del taller de artes \u201cSandez\u201d.<\/p>\n","protected":false},"author":2,"featured_media":76143,"comment_status":"open","ping_status":"open","sticky":false,"template":"","format":"standard","meta":{"om_disable_all_campaigns":false,"_monsterinsights_skip_tracking":false,"_monsterinsights_sitenote_active":false,"_monsterinsights_sitenote_note":"","_monsterinsights_sitenote_category":0,"_uf_show_specific_survey":0,"_uf_disable_surveys":false,"jetpack_post_was_ever_published":false,"_jetpack_newsletter_access":"","_jetpack_dont_email_post_to_subs":false,"_jetpack_newsletter_tier_id":0,"_jetpack_memberships_contains_paywalled_content":false,"_jetpack_memberships_contains_paid_content":false,"footnotes":"","jetpack_publicize_message":"","jetpack_publicize_feature_enabled":true,"jetpack_social_post_already_shared":true,"jetpack_social_options":{"image_generator_settings":{"template":"highway","default_image_id":0,"font":"","enabled":false},"version":2}},"categories":[4,21],"tags":[73],"class_list":["post-76142","post","type-post","status-publish","format-standard","has-post-thumbnail","hentry","category-destacadas","category-locales","tag-municipalidad-de-la-capital"],"aioseo_notices":[],"views":11,"jetpack_publicize_connections":[],"jetpack_featured_media_url":"https:\/\/i0.wp.com\/elterritorialweb.com.ar\/web\/wp-content\/uploads\/2025\/06\/muestra.jpeg?fit=1600%2C1007&ssl=1","jetpack_sharing_enabled":true,"_links":{"self":[{"href":"https:\/\/elterritorialweb.com.ar\/web\/wp-json\/wp\/v2\/posts\/76142","targetHints":{"allow":["GET"]}}],"collection":[{"href":"https:\/\/elterritorialweb.com.ar\/web\/wp-json\/wp\/v2\/posts"}],"about":[{"href":"https:\/\/elterritorialweb.com.ar\/web\/wp-json\/wp\/v2\/types\/post"}],"author":[{"embeddable":true,"href":"https:\/\/elterritorialweb.com.ar\/web\/wp-json\/wp\/v2\/users\/2"}],"replies":[{"embeddable":true,"href":"https:\/\/elterritorialweb.com.ar\/web\/wp-json\/wp\/v2\/comments?post=76142"}],"version-history":[{"count":1,"href":"https:\/\/elterritorialweb.com.ar\/web\/wp-json\/wp\/v2\/posts\/76142\/revisions"}],"predecessor-version":[{"id":76144,"href":"https:\/\/elterritorialweb.com.ar\/web\/wp-json\/wp\/v2\/posts\/76142\/revisions\/76144"}],"wp:featuredmedia":[{"embeddable":true,"href":"https:\/\/elterritorialweb.com.ar\/web\/wp-json\/wp\/v2\/media\/76143"}],"wp:attachment":[{"href":"https:\/\/elterritorialweb.com.ar\/web\/wp-json\/wp\/v2\/media?parent=76142"}],"wp:term":[{"taxonomy":"category","embeddable":true,"href":"https:\/\/elterritorialweb.com.ar\/web\/wp-json\/wp\/v2\/categories?post=76142"},{"taxonomy":"post_tag","embeddable":true,"href":"https:\/\/elterritorialweb.com.ar\/web\/wp-json\/wp\/v2\/tags?post=76142"}],"curies":[{"name":"wp","href":"https:\/\/api.w.org\/{rel}","templated":true}]}}