{"id":76145,"date":"2025-06-09T14:38:38","date_gmt":"2025-06-09T14:38:38","guid":{"rendered":"http:\/\/elterritorialweb.com.ar\/web\/?p=76145"},"modified":"2025-06-09T14:38:40","modified_gmt":"2025-06-09T14:38:40","slug":"smart-city-expo-santiago-del-estero-el-evento-que-impulsara-el-desarrollo-economico-y-la-innovacion-en-la-region","status":"publish","type":"post","link":"https:\/\/elterritorialweb.com.ar\/web\/smart-city-expo-santiago-del-estero-el-evento-que-impulsara-el-desarrollo-economico-y-la-innovacion-en-la-region\/","title":{"rendered":"SMART CITY EXPO SANTIAGO DEL ESTERO: EL EVENTO QUE IMPULSAR\u00c1 EL DESARROLLO ECON\u00d3MICO Y LA INNOVACI\u00d3N EN LA REGI\u00d3N"},"content":{"rendered":"\n<p><strong>Santiago del Estero<\/strong> volver\u00e1 a posicionarse como epicentro del debate sobre el desarrollo urbano y rural sustentable en Am\u00e9rica Latina con una <strong>nueva edici\u00f3n de\u00a0Smart City Expo<\/strong>, el evento global que re\u00fane a l\u00edderes de gobiernos, empresas, universidades y organizaciones que trabajan en la construcci\u00f3n de ciudades m\u00e1s eficientes, inclusivas e innovadoras.<\/p>\n\n\n\n<p>Durante el <strong>25 y 26 de junio<\/strong>, el<strong>\u00a0F\u00f3rum de la ciudad<\/strong>\u00a0ser\u00e1 el escenario donde se presentar\u00e1n iniciativas, herramientas tecnol\u00f3gicas y modelos de gesti\u00f3n que impulsan la transformaci\u00f3n digital y sostenible de territorios, con una fuerte apuesta al desarrollo local, el empleo calificado y la colaboraci\u00f3n p\u00fablico-privada.<\/p>\n\n\n\n<p>Con un crecimiento sostenido desde su primera edici\u00f3n, el evento se consolida como una plataforma estrat\u00e9gica para&nbsp;la inserci\u00f3n internacional de la regi\u00f3n, al fomentar el intercambio de experiencias y abrir oportunidades de negocios y cooperaci\u00f3n con impacto en toda Am\u00e9rica Latina.<\/p>\n\n\n\n<p>Adem\u00e1s del impacto institucional, educativo y cultural, la&nbsp;cuarta edici\u00f3n de&nbsp;<strong>Smart City Expo Santiago del Estero<\/strong><strong>&nbsp;<\/strong>promete un fuerte movimiento econ\u00f3mico local. La demanda de pasajes a\u00e9reos llev\u00f3 a&nbsp;Aerol\u00edneas Argentinas a sumar nuevos vuelos hacia la provincia durante las fechas del evento, lo que anticipa una importante afluencia de visitantes, inversi\u00f3n en hoteler\u00eda, gastronom\u00eda y servicios tur\u00edsticos.<\/p>\n\n\n\n<p><\/p>\n","protected":false},"excerpt":{"rendered":"<p>Smart City Expo Santiago del Estero se realizar\u00e1 el 25 y 26 de junio y generar\u00e1 oportunidades para el desarrollo econ\u00f3mico, la innovaci\u00f3n y la atracci\u00f3n de inversiones.<\/p>\n","protected":false},"author":2,"featured_media":76146,"comment_status":"open","ping_status":"open","sticky":false,"template":"","format":"standard","meta":{"om_disable_all_campaigns":false,"_monsterinsights_skip_tracking":false,"_monsterinsights_sitenote_active":false,"_monsterinsights_sitenote_note":"","_monsterinsights_sitenote_category":0,"_uf_show_specific_survey":0,"_uf_disable_surveys":false,"jetpack_post_was_ever_published":false,"_jetpack_newsletter_access":"","_jetpack_dont_email_post_to_subs":false,"_jetpack_newsletter_tier_id":0,"_jetpack_memberships_contains_paywalled_content":false,"_jetpack_memberships_contains_paid_content":false,"footnotes":"","jetpack_publicize_message":"","jetpack_publicize_feature_enabled":true,"jetpack_social_post_already_shared":true,"jetpack_social_options":{"image_generator_settings":{"template":"highway","default_image_id":0,"font":"","enabled":false},"version":2}},"categories":[4,21],"tags":[688,266],"class_list":["post-76145","post","type-post","status-publish","format-standard","has-post-thumbnail","hentry","category-destacadas","category-locales","tag-centro-de-convenciones-forum","tag-smart-city-expo-santiago-del-estero"],"aioseo_notices":[],"views":13,"jetpack_publicize_connections":[],"jetpack_featured_media_url":"https:\/\/i0.wp.com\/elterritorialweb.com.ar\/web\/wp-content\/uploads\/2025\/06\/SMART-CITY-EXPO-SANTIAGO.jpg?fit=360%2C240&ssl=1","jetpack_sharing_enabled":true,"_links":{"self":[{"href":"https:\/\/elterritorialweb.com.ar\/web\/wp-json\/wp\/v2\/posts\/76145","targetHints":{"allow":["GET"]}}],"collection":[{"href":"https:\/\/elterritorialweb.com.ar\/web\/wp-json\/wp\/v2\/posts"}],"about":[{"href":"https:\/\/elterritorialweb.com.ar\/web\/wp-json\/wp\/v2\/types\/post"}],"author":[{"embeddable":true,"href":"https:\/\/elterritorialweb.com.ar\/web\/wp-json\/wp\/v2\/users\/2"}],"replies":[{"embeddable":true,"href":"https:\/\/elterritorialweb.com.ar\/web\/wp-json\/wp\/v2\/comments?post=76145"}],"version-history":[{"count":1,"href":"https:\/\/elterritorialweb.com.ar\/web\/wp-json\/wp\/v2\/posts\/76145\/revisions"}],"predecessor-version":[{"id":76147,"href":"https:\/\/elterritorialweb.com.ar\/web\/wp-json\/wp\/v2\/posts\/76145\/revisions\/76147"}],"wp:featuredmedia":[{"embeddable":true,"href":"https:\/\/elterritorialweb.com.ar\/web\/wp-json\/wp\/v2\/media\/76146"}],"wp:attachment":[{"href":"https:\/\/elterritorialweb.com.ar\/web\/wp-json\/wp\/v2\/media?parent=76145"}],"wp:term":[{"taxonomy":"category","embeddable":true,"href":"https:\/\/elterritorialweb.com.ar\/web\/wp-json\/wp\/v2\/categories?post=76145"},{"taxonomy":"post_tag","embeddable":true,"href":"https:\/\/elterritorialweb.com.ar\/web\/wp-json\/wp\/v2\/tags?post=76145"}],"curies":[{"name":"wp","href":"https:\/\/api.w.org\/{rel}","templated":true}]}}