{"id":76609,"date":"2025-06-28T00:16:47","date_gmt":"2025-06-28T00:16:47","guid":{"rendered":"https:\/\/elterritorialweb.com.ar\/web\/?p=76609"},"modified":"2025-06-28T00:16:49","modified_gmt":"2025-06-28T00:16:49","slug":"humanidades-participo-en-jornada-sobre-uso-y-trafico-de-drogas","status":"publish","type":"post","link":"https:\/\/elterritorialweb.com.ar\/web\/humanidades-participo-en-jornada-sobre-uso-y-trafico-de-drogas\/","title":{"rendered":"HUMANIDADES PARTICIP\u00d3 EN JORNADA SOBRE USO Y TR\u00c1FICO DE DROGAS"},"content":{"rendered":"\n<p>La <strong>Facultad de Humanidades Cs Sociales y de la Salud<\/strong> particip\u00f3 de la jornada comunitaria en el marco del <strong>D\u00eda Internacional de la Lucha contra el Uso Indebido y el Tr\u00e1fico Il\u00edcito de Drogas<\/strong> que se llev\u00f3 a cabo en la Plaza Juli\u00e1n y Benicio D\u00edaz del barrio Huaico Hondo.<\/p>\n\n\n\n<p>El prop\u00f3sito de la jornada fue visibilizar la problem\u00e1tica del consumo, como as\u00ed tambi\u00e9n, poner en valor el trabajo territorial de las distintas organizaciones desde un enfoque integral y comunitario.<\/p>\n\n\n\n<p>La Facultad, desde las carreras de Trabajo Social y Sociolog\u00eda se sum\u00f3 a la propuesta con un espacio de juego para la promoci\u00f3n de las pr\u00e1cticas de cuidado en la comunidad.<\/p>\n","protected":false},"excerpt":{"rendered":"<p>Estuvo organizada por los centros barriales de acompa\u00f1amiento comunitario Casas Esquina Libertad, Red Puentes, Vientos de Libertad y Casa Pueblo.<\/p>\n","protected":false},"author":2,"featured_media":76610,"comment_status":"open","ping_status":"open","sticky":false,"template":"","format":"standard","meta":{"om_disable_all_campaigns":false,"_monsterinsights_skip_tracking":false,"_monsterinsights_sitenote_active":false,"_monsterinsights_sitenote_note":"","_monsterinsights_sitenote_category":0,"_uf_show_specific_survey":0,"_uf_disable_surveys":false,"jetpack_post_was_ever_published":false,"_jetpack_newsletter_access":"","_jetpack_dont_email_post_to_subs":false,"_jetpack_newsletter_tier_id":0,"_jetpack_memberships_contains_paywalled_content":false,"_jetpack_memberships_contains_paid_content":false,"footnotes":"","jetpack_publicize_message":"","jetpack_publicize_feature_enabled":true,"jetpack_social_post_already_shared":true,"jetpack_social_options":{"image_generator_settings":{"template":"highway","default_image_id":0,"font":"","enabled":false},"version":2}},"categories":[4,19],"tags":[999,74],"class_list":["post-76609","post","type-post","status-publish","format-standard","has-post-thumbnail","hentry","category-destacadas","category-educacion","tag-facultad-de-humanidades","tag-unse"],"aioseo_notices":[],"views":18,"jetpack_publicize_connections":[],"jetpack_featured_media_url":"https:\/\/i0.wp.com\/elterritorialweb.com.ar\/web\/wp-content\/uploads\/2025\/06\/IMG-20250627-WA0028.jpg?fit=1068%2C892&ssl=1","jetpack_sharing_enabled":true,"_links":{"self":[{"href":"https:\/\/elterritorialweb.com.ar\/web\/wp-json\/wp\/v2\/posts\/76609","targetHints":{"allow":["GET"]}}],"collection":[{"href":"https:\/\/elterritorialweb.com.ar\/web\/wp-json\/wp\/v2\/posts"}],"about":[{"href":"https:\/\/elterritorialweb.com.ar\/web\/wp-json\/wp\/v2\/types\/post"}],"author":[{"embeddable":true,"href":"https:\/\/elterritorialweb.com.ar\/web\/wp-json\/wp\/v2\/users\/2"}],"replies":[{"embeddable":true,"href":"https:\/\/elterritorialweb.com.ar\/web\/wp-json\/wp\/v2\/comments?post=76609"}],"version-history":[{"count":1,"href":"https:\/\/elterritorialweb.com.ar\/web\/wp-json\/wp\/v2\/posts\/76609\/revisions"}],"predecessor-version":[{"id":76611,"href":"https:\/\/elterritorialweb.com.ar\/web\/wp-json\/wp\/v2\/posts\/76609\/revisions\/76611"}],"wp:featuredmedia":[{"embeddable":true,"href":"https:\/\/elterritorialweb.com.ar\/web\/wp-json\/wp\/v2\/media\/76610"}],"wp:attachment":[{"href":"https:\/\/elterritorialweb.com.ar\/web\/wp-json\/wp\/v2\/media?parent=76609"}],"wp:term":[{"taxonomy":"category","embeddable":true,"href":"https:\/\/elterritorialweb.com.ar\/web\/wp-json\/wp\/v2\/categories?post=76609"},{"taxonomy":"post_tag","embeddable":true,"href":"https:\/\/elterritorialweb.com.ar\/web\/wp-json\/wp\/v2\/tags?post=76609"}],"curies":[{"name":"wp","href":"https:\/\/api.w.org\/{rel}","templated":true}]}}