{"id":76620,"date":"2025-06-28T18:38:01","date_gmt":"2025-06-28T18:38:01","guid":{"rendered":"https:\/\/elterritorialweb.com.ar\/web\/?p=76620"},"modified":"2025-06-28T18:38:03","modified_gmt":"2025-06-28T18:38:03","slug":"cultura-de-la-capital-convocara-artistas-para-la-accion-teatral-urbana-de-julio","status":"publish","type":"post","link":"https:\/\/elterritorialweb.com.ar\/web\/cultura-de-la-capital-convocara-artistas-para-la-accion-teatral-urbana-de-julio\/","title":{"rendered":"CULTURA DE LA CAPITAL CONVOCAR\u00c1 ARTISTAS PARA LA ACCI\u00d3N TEATRAL URBANA DE JULIO"},"content":{"rendered":"\n<p>La iniciativa est\u00e1 dirigida a actores, actrices, bailarines, bailarinas, m\u00fasicos, m\u00fasicas y performers mayores de 18 a\u00f1os, quienes deber\u00e1n presentarse a una audici\u00f3n que se llevar\u00e1 a cabo los d\u00edas s\u00e1bado 28 y domingo 29 de junio, en el horario de 9 a 19, en el Domo del Parque del Encuentro, ubicado en el Parque Aguirre.<\/p>\n\n\n\n<p>La propuesta forma parte del calendario cultural de invierno impulsado por el municipio, con el objetivo de fomentar la participaci\u00f3n art\u00edstica local y generar experiencias esc\u00e9nicas en espacios p\u00fablicos.<\/p>\n\n\n\n<p>Los interesados en participar deber\u00e1n inscribirse previamente completando el formulario digital disponible en el siguiente enlace: <a href=\"https:\/\/forms.gle\/BdY4gd9C8crRjLAt9\"><strong>https:\/\/forms.gle\/BdY4gd9C8crRjLAt9<\/strong><\/a>.<\/p>\n\n\n\n<p>Desde la organizaci\u00f3n destacaron que esta acci\u00f3n teatral representa una oportunidad para mostrar el talento de los artistas santiague\u00f1os en un evento de gran visibilidad y participaci\u00f3n comunitaria.<\/p>\n\n\n\n<p><\/p>\n","protected":false},"excerpt":{"rendered":"<p>La Municipalidad de la Capital, a trav\u00e9s de la Direcci\u00f3n y la Subsecretar\u00eda de Cultura y Turismo, abri\u00f3 la convocatoria para la selecci\u00f3n de artistas que formar\u00e1n parte de la Acci\u00f3n Teatral Urbana, en el marco de los festejos por el cumplea\u00f1os de la ciudad, que se celebrar\u00e1 el pr\u00f3ximo 23 de julio.<\/p>\n","protected":false},"author":2,"featured_media":76621,"comment_status":"open","ping_status":"open","sticky":false,"template":"","format":"standard","meta":{"om_disable_all_campaigns":false,"_monsterinsights_skip_tracking":false,"_monsterinsights_sitenote_active":false,"_monsterinsights_sitenote_note":"","_monsterinsights_sitenote_category":0,"_uf_show_specific_survey":0,"_uf_disable_surveys":false,"jetpack_post_was_ever_published":false,"_jetpack_newsletter_access":"","_jetpack_dont_email_post_to_subs":false,"_jetpack_newsletter_tier_id":0,"_jetpack_memberships_contains_paywalled_content":false,"_jetpack_memberships_contains_paid_content":false,"footnotes":"","jetpack_publicize_message":"","jetpack_publicize_feature_enabled":true,"jetpack_social_post_already_shared":true,"jetpack_social_options":{"image_generator_settings":{"template":"highway","default_image_id":0,"font":"","enabled":false},"version":2}},"categories":[4,21],"tags":[73],"class_list":["post-76620","post","type-post","status-publish","format-standard","has-post-thumbnail","hentry","category-destacadas","category-locales","tag-municipalidad-de-la-capital"],"aioseo_notices":[],"views":14,"jetpack_publicize_connections":[],"jetpack_featured_media_url":"https:\/\/i0.wp.com\/elterritorialweb.com.ar\/web\/wp-content\/uploads\/2025\/06\/accion-teatral.jpg?fit=1600%2C898&ssl=1","jetpack_sharing_enabled":true,"_links":{"self":[{"href":"https:\/\/elterritorialweb.com.ar\/web\/wp-json\/wp\/v2\/posts\/76620","targetHints":{"allow":["GET"]}}],"collection":[{"href":"https:\/\/elterritorialweb.com.ar\/web\/wp-json\/wp\/v2\/posts"}],"about":[{"href":"https:\/\/elterritorialweb.com.ar\/web\/wp-json\/wp\/v2\/types\/post"}],"author":[{"embeddable":true,"href":"https:\/\/elterritorialweb.com.ar\/web\/wp-json\/wp\/v2\/users\/2"}],"replies":[{"embeddable":true,"href":"https:\/\/elterritorialweb.com.ar\/web\/wp-json\/wp\/v2\/comments?post=76620"}],"version-history":[{"count":1,"href":"https:\/\/elterritorialweb.com.ar\/web\/wp-json\/wp\/v2\/posts\/76620\/revisions"}],"predecessor-version":[{"id":76622,"href":"https:\/\/elterritorialweb.com.ar\/web\/wp-json\/wp\/v2\/posts\/76620\/revisions\/76622"}],"wp:featuredmedia":[{"embeddable":true,"href":"https:\/\/elterritorialweb.com.ar\/web\/wp-json\/wp\/v2\/media\/76621"}],"wp:attachment":[{"href":"https:\/\/elterritorialweb.com.ar\/web\/wp-json\/wp\/v2\/media?parent=76620"}],"wp:term":[{"taxonomy":"category","embeddable":true,"href":"https:\/\/elterritorialweb.com.ar\/web\/wp-json\/wp\/v2\/categories?post=76620"},{"taxonomy":"post_tag","embeddable":true,"href":"https:\/\/elterritorialweb.com.ar\/web\/wp-json\/wp\/v2\/tags?post=76620"}],"curies":[{"name":"wp","href":"https:\/\/api.w.org\/{rel}","templated":true}]}}