{"id":76839,"date":"2025-07-04T03:24:27","date_gmt":"2025-07-04T03:24:27","guid":{"rendered":"https:\/\/elterritorialweb.com.ar\/web\/?p=76839"},"modified":"2025-07-04T03:24:31","modified_gmt":"2025-07-04T03:24:31","slug":"la-municipalidad-cedio-a-la-policia-un-centro-de-control-y-monitoreo-en-la-rotonda-nuestra-senora-del-carmen","status":"publish","type":"post","link":"https:\/\/elterritorialweb.com.ar\/web\/la-municipalidad-cedio-a-la-policia-un-centro-de-control-y-monitoreo-en-la-rotonda-nuestra-senora-del-carmen\/","title":{"rendered":"LA MUNICIPALIDAD CEDI\u00d3 A LA POLIC\u00cdA UN CENTRO DE CONTROL Y MONITOREO EN LA ROTONDA NUESTRA SE\u00d1ORA DEL CARMEN"},"content":{"rendered":"\n<p>El acto de cesi\u00f3n fue encabezado por el secretario de Gobierno, N\u00e9stor Machado, junto al secretario de Planeamiento, Obras y Servicios P\u00fablicos, Jorge Vila, quienes entregaron las llaves del edificio al jefe de la Polic\u00eda provincial, comisario general Humberto Loto.<\/p>\n\n\n\n<p>Este nuevo punto de vigilancia se constituye como un nodo estrat\u00e9gico dentro del sistema integral de monitoreo y gesti\u00f3n de infraestructura urbana, incorporando tecnolog\u00eda de \u00faltima generaci\u00f3n. Entre sus principales componentes se destacan un sistema de telemetr\u00eda digital para la transmisi\u00f3n de datos en tiempo real, un Controlador L\u00f3gico Programable (PLC) industrial para la gesti\u00f3n automatizada de subsistemas como energ\u00eda, iluminaci\u00f3n y sensores de movimiento, y c\u00e1maras de videovigilancia HD con visi\u00f3n nocturna.<\/p>\n\n\n\n<p>El centro est\u00e1 conectado al Observatorio de la Jefatura de Polic\u00eda de Santiago del Estero mediante enlaces seguros que combinan fibra \u00f3ptica y radioenlace, garantizando as\u00ed una comunicaci\u00f3n estable y eficiente las 24 horas.<\/p>\n\n\n\n<p>Adem\u00e1s, se construy\u00f3 una garita de vigilancia completamente equipada, con conexi\u00f3n el\u00e9ctrica, iluminaci\u00f3n y l\u00ednea directa con el centro de operaciones, con el objetivo de asegurar el resguardo del equipamiento tecnol\u00f3gico instalado y brindar una respuesta inmediata ante cualquier incidente o falla t\u00e9cnica.<\/p>\n\n\n\n<p>La iniciativa refleja el compromiso conjunto de la Municipalidad y la Polic\u00eda provincial en la preservaci\u00f3n de los recursos p\u00fablicos, la prevenci\u00f3n del delito y la mejora continua de la infraestructura urbana, favoreciendo la detecci\u00f3n temprana de fallas viales y elevando los niveles de seguridad en una zona clave de acceso a la ciudad.<\/p>\n","protected":false},"excerpt":{"rendered":"<p>En un paso significativo hacia el fortalecimiento de la seguridad ciudadana, la Municipalidad de la Capital hizo entrega a la Polic\u00eda de la Provincia de un moderno centro de control y monitoreo ubicado en la rotonda Nuestra Se\u00f1ora del Carmen, en la intersecci\u00f3n de las rutas nacionales 64 y 9.<\/p>\n","protected":false},"author":2,"featured_media":76840,"comment_status":"open","ping_status":"open","sticky":false,"template":"","format":"standard","meta":{"om_disable_all_campaigns":false,"_monsterinsights_skip_tracking":false,"_monsterinsights_sitenote_active":false,"_monsterinsights_sitenote_note":"","_monsterinsights_sitenote_category":0,"_uf_show_specific_survey":0,"_uf_disable_surveys":false,"jetpack_post_was_ever_published":false,"_jetpack_newsletter_access":"","_jetpack_dont_email_post_to_subs":false,"_jetpack_newsletter_tier_id":0,"_jetpack_memberships_contains_paywalled_content":false,"_jetpack_memberships_contains_paid_content":false,"footnotes":"","jetpack_publicize_message":"","jetpack_publicize_feature_enabled":true,"jetpack_social_post_already_shared":true,"jetpack_social_options":{"image_generator_settings":{"template":"highway","default_image_id":0,"font":"","enabled":false},"version":2}},"categories":[21],"tags":[73],"class_list":["post-76839","post","type-post","status-publish","format-standard","has-post-thumbnail","hentry","category-locales","tag-municipalidad-de-la-capital"],"aioseo_notices":[],"views":19,"jetpack_publicize_connections":[],"jetpack_featured_media_url":"https:\/\/i0.wp.com\/elterritorialweb.com.ar\/web\/wp-content\/uploads\/2025\/07\/policia.jpeg?fit=1600%2C1012&ssl=1","jetpack_sharing_enabled":true,"_links":{"self":[{"href":"https:\/\/elterritorialweb.com.ar\/web\/wp-json\/wp\/v2\/posts\/76839","targetHints":{"allow":["GET"]}}],"collection":[{"href":"https:\/\/elterritorialweb.com.ar\/web\/wp-json\/wp\/v2\/posts"}],"about":[{"href":"https:\/\/elterritorialweb.com.ar\/web\/wp-json\/wp\/v2\/types\/post"}],"author":[{"embeddable":true,"href":"https:\/\/elterritorialweb.com.ar\/web\/wp-json\/wp\/v2\/users\/2"}],"replies":[{"embeddable":true,"href":"https:\/\/elterritorialweb.com.ar\/web\/wp-json\/wp\/v2\/comments?post=76839"}],"version-history":[{"count":1,"href":"https:\/\/elterritorialweb.com.ar\/web\/wp-json\/wp\/v2\/posts\/76839\/revisions"}],"predecessor-version":[{"id":76841,"href":"https:\/\/elterritorialweb.com.ar\/web\/wp-json\/wp\/v2\/posts\/76839\/revisions\/76841"}],"wp:featuredmedia":[{"embeddable":true,"href":"https:\/\/elterritorialweb.com.ar\/web\/wp-json\/wp\/v2\/media\/76840"}],"wp:attachment":[{"href":"https:\/\/elterritorialweb.com.ar\/web\/wp-json\/wp\/v2\/media?parent=76839"}],"wp:term":[{"taxonomy":"category","embeddable":true,"href":"https:\/\/elterritorialweb.com.ar\/web\/wp-json\/wp\/v2\/categories?post=76839"},{"taxonomy":"post_tag","embeddable":true,"href":"https:\/\/elterritorialweb.com.ar\/web\/wp-json\/wp\/v2\/tags?post=76839"}],"curies":[{"name":"wp","href":"https:\/\/api.w.org\/{rel}","templated":true}]}}