{"id":77467,"date":"2025-07-25T18:53:44","date_gmt":"2025-07-25T18:53:44","guid":{"rendered":"https:\/\/elterritorialweb.com.ar\/web\/?p=77467"},"modified":"2025-07-25T18:53:46","modified_gmt":"2025-07-25T18:53:46","slug":"orgullo-la-santiaguena-rocio-gonzalez-se-presentara-en-la-voz-argentina-2025","status":"publish","type":"post","link":"https:\/\/elterritorialweb.com.ar\/web\/orgullo-la-santiaguena-rocio-gonzalez-se-presentara-en-la-voz-argentina-2025\/","title":{"rendered":"ORGULLO: LA SANTIAGUE\u00d1A ROC\u00cdO GONZALEZ SE PRESENTAR\u00c1 EN LA VOZ ARGENTINA 2025"},"content":{"rendered":"\n<p>Este domingo 27 de julio, Roc\u00edo Gonz\u00e1lez subir\u00e1 al escenario de La Voz Argentina (desde las 21.45, por Telefe) para participar de las audiciones a ciegas, en una nueva temporada del exitoso programa. <\/p>\n\n\n\n<p>Desde su pueblo natal, Roc\u00edo llega con la ilusi\u00f3n de cumplir un sue\u00f1o que comparte con miles de j\u00f3venes artistas del pa\u00eds. <\/p>\n\n\n\n<p>Su participaci\u00f3n en el certamen nacional no solo es motivo de alegr\u00eda para su familia, sino tambi\u00e9n para toda la comunidad santiague\u00f1a que estar\u00e1 expectante por esta nueva representante en el certamen conducido por Nicol\u00e1s Ochiatto, y que tiene por jurado a Miranda!, Luck Ra, Lali y La Sole. <\/p>\n\n\n\n<p>Invitamos a todos los televidentes y seguidores del programa a alentarla y hacer fuerza para que Roc\u00edo conquiste el coraz\u00f3n del jurado. Este domingo, desde las 21.45, todos a apoyar a a Roc\u00edo. Instagram: <a href=\"https:\/\/www.instagram.com\/rociogonzok?igsh=MWN5NGtwbWphNXk2dA==\" title=\"@rociogonzok\">@rociogonzok<\/a><\/p>\n","protected":false},"excerpt":{"rendered":"<p>Con apenas 18 a\u00f1os, la cantante oriunda de Suncho Corral representar\u00e1 con orgullo a Santiago del Estero.<\/p>\n","protected":false},"author":2,"featured_media":77468,"comment_status":"open","ping_status":"open","sticky":false,"template":"","format":"standard","meta":{"om_disable_all_campaigns":false,"_monsterinsights_skip_tracking":false,"_monsterinsights_sitenote_active":false,"_monsterinsights_sitenote_note":"","_monsterinsights_sitenote_category":0,"_uf_show_specific_survey":0,"_uf_disable_surveys":false,"jetpack_post_was_ever_published":false,"_jetpack_newsletter_access":"","_jetpack_dont_email_post_to_subs":false,"_jetpack_newsletter_tier_id":0,"_jetpack_memberships_contains_paywalled_content":false,"_jetpack_memberships_contains_paid_content":false,"footnotes":"","jetpack_publicize_message":"","jetpack_publicize_feature_enabled":true,"jetpack_social_post_already_shared":true,"jetpack_social_options":{"image_generator_settings":{"template":"highway","default_image_id":0,"font":"","enabled":false},"version":2}},"categories":[4,20],"tags":[1423,1422],"class_list":["post-77467","post","type-post","status-publish","format-standard","has-post-thumbnail","hentry","category-destacadas","category-especysociales","tag-la-voz-argentina","tag-rocio-gonzalez"],"aioseo_notices":[],"views":35,"jetpack_publicize_connections":[],"jetpack_featured_media_url":"https:\/\/i0.wp.com\/elterritorialweb.com.ar\/web\/wp-content\/uploads\/2025\/07\/Screenshot_20250725_155040_Instagram.jpg?fit=1080%2C887&ssl=1","jetpack_sharing_enabled":true,"_links":{"self":[{"href":"https:\/\/elterritorialweb.com.ar\/web\/wp-json\/wp\/v2\/posts\/77467","targetHints":{"allow":["GET"]}}],"collection":[{"href":"https:\/\/elterritorialweb.com.ar\/web\/wp-json\/wp\/v2\/posts"}],"about":[{"href":"https:\/\/elterritorialweb.com.ar\/web\/wp-json\/wp\/v2\/types\/post"}],"author":[{"embeddable":true,"href":"https:\/\/elterritorialweb.com.ar\/web\/wp-json\/wp\/v2\/users\/2"}],"replies":[{"embeddable":true,"href":"https:\/\/elterritorialweb.com.ar\/web\/wp-json\/wp\/v2\/comments?post=77467"}],"version-history":[{"count":1,"href":"https:\/\/elterritorialweb.com.ar\/web\/wp-json\/wp\/v2\/posts\/77467\/revisions"}],"predecessor-version":[{"id":77469,"href":"https:\/\/elterritorialweb.com.ar\/web\/wp-json\/wp\/v2\/posts\/77467\/revisions\/77469"}],"wp:featuredmedia":[{"embeddable":true,"href":"https:\/\/elterritorialweb.com.ar\/web\/wp-json\/wp\/v2\/media\/77468"}],"wp:attachment":[{"href":"https:\/\/elterritorialweb.com.ar\/web\/wp-json\/wp\/v2\/media?parent=77467"}],"wp:term":[{"taxonomy":"category","embeddable":true,"href":"https:\/\/elterritorialweb.com.ar\/web\/wp-json\/wp\/v2\/categories?post=77467"},{"taxonomy":"post_tag","embeddable":true,"href":"https:\/\/elterritorialweb.com.ar\/web\/wp-json\/wp\/v2\/tags?post=77467"}],"curies":[{"name":"wp","href":"https:\/\/api.w.org\/{rel}","templated":true}]}}