{"id":77473,"date":"2025-07-26T04:39:44","date_gmt":"2025-07-26T04:39:44","guid":{"rendered":"https:\/\/elterritorialweb.com.ar\/web\/?p=77473"},"modified":"2025-07-26T14:06:05","modified_gmt":"2025-07-26T14:06:05","slug":"el-festival-madre-de-ciudades-2025-se-consolido-como-una-de-las-principales-atracciones-del-mes-aniversario","status":"publish","type":"post","link":"https:\/\/elterritorialweb.com.ar\/web\/el-festival-madre-de-ciudades-2025-se-consolido-como-una-de-las-principales-atracciones-del-mes-aniversario\/","title":{"rendered":"EL FESTIVAL \u201cMADRE DE CIUDADES\u201d 2025 SE CONSOLID\u00d3 COMO UNA DE LAS PRINCIPALES ATRACCIONES DEL MES ANIVERSARIO"},"content":{"rendered":"\n<p>La celebraci\u00f3n tuvo lugar al pie del monumento a Francisco de Aguirre, en la tradicional Avenida Costanera, y reuni\u00f3 a miles de vecinos y turistas en una jornada colmada de m\u00fasica y cultura.<\/p>\n\n\n\n<iframe data-src=\"https:\/\/www.facebook.com\/plugins\/post.php?href=https%3A%2F%2Fwww.facebook.com%2Felterritorialweb%2Fposts%2Fpfbid02mbv4bzcAs1ciwmYXLof5XQ4hmPReFJuK1rx3d1Z9EvCCrHtoTNdgtnVxHeyVpBqXl&#038;show_text=true&#038;width=500\" width=\"500\" height=\"250\" style=\"border:none;overflow:hidden\" scrolling=\"no\" frameborder=\"0\" allowfullscreen=\"true\" allow=\"autoplay; clipboard-write; encrypted-media; picture-in-picture; web-share\" src=\"data:image\/svg+xml;base64,PHN2ZyB3aWR0aD0iMSIgaGVpZ2h0PSIxIiB4bWxucz0iaHR0cDovL3d3dy53My5vcmcvMjAwMC9zdmciPjwvc3ZnPg==\" class=\"lazyload\" data-load-mode=\"1\"><\/iframe>\n\n\n\n<p>El espect\u00e1culo cont\u00f3 con la participaci\u00f3n de destacados artistas como LBC, Eugenia Quevedo, el D\u00fao Coplanacu, Peteco Carabajal, Arcanos del Desierto, Pedro Silva, Valeria Facelli, quien ofreci\u00f3 un emotivo tributo a \u00c1ngela, Alejandro V\u00e9liz, Orellana Lucca y DJ Leo Lencina, encargado del cierre. La puesta en escena tambi\u00e9n incluy\u00f3 la destacada presentaci\u00f3n del Ballet Folcl\u00f3rico Compa\u00f1\u00eda de Arte Nativo, que sum\u00f3 color y tradici\u00f3n al evento.<\/p>\n\n\n\n<iframe data-src=\"https:\/\/www.facebook.com\/plugins\/post.php?href=https%3A%2F%2Fwww.facebook.com%2Felterritorialweb%2Fposts%2Fpfbid0C2bFHSpxY5uB8oybEK85FG4ZxThCGMgut942hJn9X32DuaUXyxiwyJGyNhHRKzeUl&#038;show_text=true&#038;width=500\" width=\"500\" height=\"250\" style=\"border:none;overflow:hidden\" scrolling=\"no\" frameborder=\"0\" allowfullscreen=\"true\" allow=\"autoplay; clipboard-write; encrypted-media; picture-in-picture; web-share\" src=\"data:image\/svg+xml;base64,PHN2ZyB3aWR0aD0iMSIgaGVpZ2h0PSIxIiB4bWxucz0iaHR0cDovL3d3dy53My5vcmcvMjAwMC9zdmciPjwvc3ZnPg==\" class=\"lazyload\" data-load-mode=\"1\"><\/iframe>\n\n\n\n<p>Con entrada libre y gratuita, el festival brind\u00f3 una propuesta cultural de primer nivel, consolid\u00e1ndose como una de las actividades m\u00e1s esperadas dentro del calendario festivo de la ciudad. La organizaci\u00f3n y el nivel art\u00edstico fueron ampliamente valorados por el p\u00fablico, que disfrut\u00f3 de una tarde inolvidable a orillas del Dulce.<\/p>\n\n\n\n<iframe data-src=\"https:\/\/www.facebook.com\/plugins\/post.php?href=https%3A%2F%2Fwww.facebook.com%2Felterritorialweb%2Fposts%2Fpfbid02z6k5iLRUHip317PQKCsgtnsHKxwvXvMRRX1sHSqbMdmuvNcRR7CtCKTYZUaGyAx1l&#038;show_text=true&#038;width=500\" width=\"500\" height=\"250\" style=\"border:none;overflow:hidden\" scrolling=\"no\" frameborder=\"0\" allowfullscreen=\"true\" allow=\"autoplay; clipboard-write; encrypted-media; picture-in-picture; web-share\" src=\"data:image\/svg+xml;base64,PHN2ZyB3aWR0aD0iMSIgaGVpZ2h0PSIxIiB4bWxucz0iaHR0cDovL3d3dy53My5vcmcvMjAwMC9zdmciPjwvc3ZnPg==\" class=\"lazyload\" data-load-mode=\"1\"><\/iframe>\n\n\n\n<iframe data-src=\"https:\/\/www.facebook.com\/plugins\/post.php?href=https%3A%2F%2Fwww.facebook.com%2Felterritorialweb%2Fposts%2Fpfbid0wLeDzSt2jRWzmD6UXs9c8BFQVttKMao7m5JHCFrRQmnhkyfYXMTCrSpYD7ctS1drl&#038;show_text=true&#038;width=500\" width=\"500\" height=\"250\" style=\"border:none;overflow:hidden\" scrolling=\"no\" frameborder=\"0\" allowfullscreen=\"true\" allow=\"autoplay; clipboard-write; encrypted-media; picture-in-picture; web-share\" src=\"data:image\/svg+xml;base64,PHN2ZyB3aWR0aD0iMSIgaGVpZ2h0PSIxIiB4bWxucz0iaHR0cDovL3d3dy53My5vcmcvMjAwMC9zdmciPjwvc3ZnPg==\" class=\"lazyload\" data-load-mode=\"1\"><\/iframe>\n","protected":false},"excerpt":{"rendered":"<p>Este viernes por la tarde se llev\u00f3 a cabo el Festival \u201cMadre de Ciudades\u201d 2025, uno de los eventos m\u00e1s convocantes del mes aniversario de Santiago del Estero.<\/p>\n","protected":false},"author":2,"featured_media":77474,"comment_status":"open","ping_status":"open","sticky":false,"template":"","format":"standard","meta":{"om_disable_all_campaigns":false,"_monsterinsights_skip_tracking":false,"_monsterinsights_sitenote_active":false,"_monsterinsights_sitenote_note":"","_monsterinsights_sitenote_category":0,"_uf_show_specific_survey":0,"_uf_disable_surveys":false,"jetpack_post_was_ever_published":false,"_jetpack_newsletter_access":"","_jetpack_dont_email_post_to_subs":false,"_jetpack_newsletter_tier_id":0,"_jetpack_memberships_contains_paywalled_content":false,"_jetpack_memberships_contains_paid_content":false,"footnotes":"","jetpack_publicize_message":"","jetpack_publicize_feature_enabled":true,"jetpack_social_post_already_shared":true,"jetpack_social_options":{"image_generator_settings":{"template":"highway","default_image_id":0,"font":"","enabled":false},"version":2}},"categories":[1],"tags":[],"class_list":["post-77473","post","type-post","status-publish","format-standard","has-post-thumbnail","hentry","category-sin-categoria"],"aioseo_notices":[],"views":27,"jetpack_publicize_connections":[],"jetpack_featured_media_url":"https:\/\/i0.wp.com\/elterritorialweb.com.ar\/web\/wp-content\/uploads\/2025\/07\/Screenshot_20250725_182114_YouTube.jpg?fit=1665%2C1008&ssl=1","jetpack_sharing_enabled":true,"_links":{"self":[{"href":"https:\/\/elterritorialweb.com.ar\/web\/wp-json\/wp\/v2\/posts\/77473","targetHints":{"allow":["GET"]}}],"collection":[{"href":"https:\/\/elterritorialweb.com.ar\/web\/wp-json\/wp\/v2\/posts"}],"about":[{"href":"https:\/\/elterritorialweb.com.ar\/web\/wp-json\/wp\/v2\/types\/post"}],"author":[{"embeddable":true,"href":"https:\/\/elterritorialweb.com.ar\/web\/wp-json\/wp\/v2\/users\/2"}],"replies":[{"embeddable":true,"href":"https:\/\/elterritorialweb.com.ar\/web\/wp-json\/wp\/v2\/comments?post=77473"}],"version-history":[{"count":3,"href":"https:\/\/elterritorialweb.com.ar\/web\/wp-json\/wp\/v2\/posts\/77473\/revisions"}],"predecessor-version":[{"id":77482,"href":"https:\/\/elterritorialweb.com.ar\/web\/wp-json\/wp\/v2\/posts\/77473\/revisions\/77482"}],"wp:featuredmedia":[{"embeddable":true,"href":"https:\/\/elterritorialweb.com.ar\/web\/wp-json\/wp\/v2\/media\/77474"}],"wp:attachment":[{"href":"https:\/\/elterritorialweb.com.ar\/web\/wp-json\/wp\/v2\/media?parent=77473"}],"wp:term":[{"taxonomy":"category","embeddable":true,"href":"https:\/\/elterritorialweb.com.ar\/web\/wp-json\/wp\/v2\/categories?post=77473"},{"taxonomy":"post_tag","embeddable":true,"href":"https:\/\/elterritorialweb.com.ar\/web\/wp-json\/wp\/v2\/tags?post=77473"}],"curies":[{"name":"wp","href":"https:\/\/api.w.org\/{rel}","templated":true}]}}