{"id":77691,"date":"2025-08-02T00:12:03","date_gmt":"2025-08-02T00:12:03","guid":{"rendered":"https:\/\/elterritorialweb.com.ar\/web\/?p=77691"},"modified":"2025-08-02T00:12:07","modified_gmt":"2025-08-02T00:12:07","slug":"santiago-es-tu-rio-ultimo-fin-de-semana-de-la-edicion-invierno-con-propuestas-para-toda-la-familia","status":"publish","type":"post","link":"https:\/\/elterritorialweb.com.ar\/web\/santiago-es-tu-rio-ultimo-fin-de-semana-de-la-edicion-invierno-con-propuestas-para-toda-la-familia\/","title":{"rendered":"SANTIAGO ES TU R\u00cdO: \u00daLTIMO FIN DE SEMANA DE LA EDICI\u00d3N INVIERNO CON PROPUESTAS PARA TODA LA FAMILIA"},"content":{"rendered":"\n<p>Durante los d\u00edas s\u00e1bado 2 y domingo 3 de agosto, entre las 15 y las 19, se podr\u00e1 disfrutar de m\u00faltiples actividades al aire libre pensadas para compartir en familia o con amigos. Entre las propuestas destacadas habr\u00e1 deportes de arena, muros para escalar, juegos infantiles, circuitos para bicicletas y una amplia feria de emprendedores y artesanos locales.<\/p>\n\n\n\n<p>La grilla art\u00edstica comenz\u00f3 el viernes 1 de agosto con una clase abierta de baile brasile\u00f1o a cargo del grupo Novo Sucesso. El s\u00e1bado ser\u00e1 el turno de los ritmos urbanos, con presentaciones y clases dictadas por las academias Khisila y Estilo Urbano. Finalmente, el domingo se realizar\u00e1 una jornada de fitness guiada por el estudio de danzas IN DA HOUSE.<\/p>\n\n\n\n<p>Desde la organizaci\u00f3n destacaron la gran convocatoria lograda en cada jornada de esta edici\u00f3n invernal, y remarcaron la importancia de generar espacios gratuitos de recreaci\u00f3n, cultura y deporte para toda la comunidad.<\/p>\n","protected":false},"excerpt":{"rendered":"<p>La Municipalidad de la Capital anunci\u00f3 que este fin de semana culmina la edici\u00f3n de invierno 2025 de Santiago es tu R\u00edo, el exitoso programa recreativo que se desarrolla en el espacio ubicado en Alsina y Costanera.<\/p>\n","protected":false},"author":2,"featured_media":77692,"comment_status":"open","ping_status":"open","sticky":false,"template":"","format":"standard","meta":{"om_disable_all_campaigns":false,"_monsterinsights_skip_tracking":false,"_monsterinsights_sitenote_active":false,"_monsterinsights_sitenote_note":"","_monsterinsights_sitenote_category":0,"_uf_show_specific_survey":0,"_uf_disable_surveys":false,"jetpack_post_was_ever_published":false,"_jetpack_newsletter_access":"","_jetpack_dont_email_post_to_subs":false,"_jetpack_newsletter_tier_id":0,"_jetpack_memberships_contains_paywalled_content":false,"_jetpack_memberships_contains_paid_content":false,"footnotes":"","jetpack_publicize_message":"","jetpack_publicize_feature_enabled":true,"jetpack_social_post_already_shared":true,"jetpack_social_options":{"image_generator_settings":{"template":"highway","default_image_id":0,"font":"","enabled":false},"version":2}},"categories":[4,21],"tags":[873],"class_list":["post-77691","post","type-post","status-publish","format-standard","has-post-thumbnail","hentry","category-destacadas","category-locales","tag-santiago-es-tu-rio"],"aioseo_notices":[],"views":14,"jetpack_publicize_connections":[],"jetpack_featured_media_url":"https:\/\/i0.wp.com\/elterritorialweb.com.ar\/web\/wp-content\/uploads\/2025\/08\/SGO-TU-RIO.jpg?fit=1280%2C701&ssl=1","jetpack_sharing_enabled":true,"_links":{"self":[{"href":"https:\/\/elterritorialweb.com.ar\/web\/wp-json\/wp\/v2\/posts\/77691","targetHints":{"allow":["GET"]}}],"collection":[{"href":"https:\/\/elterritorialweb.com.ar\/web\/wp-json\/wp\/v2\/posts"}],"about":[{"href":"https:\/\/elterritorialweb.com.ar\/web\/wp-json\/wp\/v2\/types\/post"}],"author":[{"embeddable":true,"href":"https:\/\/elterritorialweb.com.ar\/web\/wp-json\/wp\/v2\/users\/2"}],"replies":[{"embeddable":true,"href":"https:\/\/elterritorialweb.com.ar\/web\/wp-json\/wp\/v2\/comments?post=77691"}],"version-history":[{"count":1,"href":"https:\/\/elterritorialweb.com.ar\/web\/wp-json\/wp\/v2\/posts\/77691\/revisions"}],"predecessor-version":[{"id":77693,"href":"https:\/\/elterritorialweb.com.ar\/web\/wp-json\/wp\/v2\/posts\/77691\/revisions\/77693"}],"wp:featuredmedia":[{"embeddable":true,"href":"https:\/\/elterritorialweb.com.ar\/web\/wp-json\/wp\/v2\/media\/77692"}],"wp:attachment":[{"href":"https:\/\/elterritorialweb.com.ar\/web\/wp-json\/wp\/v2\/media?parent=77691"}],"wp:term":[{"taxonomy":"category","embeddable":true,"href":"https:\/\/elterritorialweb.com.ar\/web\/wp-json\/wp\/v2\/categories?post=77691"},{"taxonomy":"post_tag","embeddable":true,"href":"https:\/\/elterritorialweb.com.ar\/web\/wp-json\/wp\/v2\/tags?post=77691"}],"curies":[{"name":"wp","href":"https:\/\/api.w.org\/{rel}","templated":true}]}}