{"id":77708,"date":"2025-08-04T16:34:25","date_gmt":"2025-08-04T16:34:25","guid":{"rendered":"https:\/\/elterritorialweb.com.ar\/web\/?p=77708"},"modified":"2025-08-04T16:44:15","modified_gmt":"2025-08-04T16:44:15","slug":"patricia-sosa-inicia-su-gira-nacional-alquimia-con-un-viaje-musical-que-recorrera-todo-el-pais","status":"publish","type":"post","link":"https:\/\/elterritorialweb.com.ar\/web\/patricia-sosa-inicia-su-gira-nacional-alquimia-con-un-viaje-musical-que-recorrera-todo-el-pais\/","title":{"rendered":"PATRICIA SOSA INICIA SU GIRA NACIONAL \u201cALQUIMIA\u201d CON UN VIAJE MUSICAL QUE RECORRER\u00c1 TODO EL PA\u00cdS"},"content":{"rendered":"\n<p>Patricia Sosa, una de las voces m\u00e1s emblem\u00e1ticas y queridas de la m\u00fasica argentina, inicia su esperada gira nacional \u201cAlquimia\u201d, un recorrido art\u00edstico que promete conmover al p\u00fablico con la fuerza de su interpretaci\u00f3n y la profundidad de sus canciones.<\/p>\n\n\n\n<p>Con una carrera marcada por la potencia del rock y la sensibilidad de la balada, Sosa vuelve a los escenarios con una propuesta transformadora, que conjuga emoci\u00f3n, arte y encuentro. Esta gira llevar\u00e1 su m\u00fasica a diferentes rincones del pa\u00eds, reafirmando su v\u00ednculo con el p\u00fablico que la ha acompa\u00f1ado a lo largo de los a\u00f1os.<\/p>\n\n\n\n<p>\u201cAlquimia\u201d es tambi\u00e9n el t\u00edtulo de su pr\u00f3ximo disco, realizado junto al reconocido cantante mexicano Manuel Mijares, que ser\u00e1 lanzado a mediados de agosto. El \u00e1lbum incluir\u00e1 cl\u00e1sicos reversionados y nuevas composiciones, con la calidez y fuerza interpretativa que definen a la artista. Se trata de una obra que propone un refugio sonoro y po\u00e9tico en tiempos de cambio, y que reafirma la capacidad de la m\u00fasica para sanar, acompa\u00f1ar y emocionar.<\/p>\n\n\n\n<p>\u201cAlquimia\u201d es m\u00e1s que un espect\u00e1culo: es una celebraci\u00f3n de la vida, la m\u00fasica y el poder del arte para transformar.<\/p>\n","protected":false},"excerpt":{"rendered":"<p>Como parte de esta gira, Patricia Sosa llegar\u00e1 a Santiago del Estero el pr\u00f3ximo 12 de octubre, para presentarse en el Teatro 25 de Mayo, en una noche que promete ser inolvidable. Las entradas ya se encuentran a la venta en Norteticket.com y en la boleter\u00eda del teatro.<\/p>\n","protected":false},"author":2,"featured_media":77713,"comment_status":"open","ping_status":"open","sticky":false,"template":"","format":"standard","meta":{"om_disable_all_campaigns":false,"_monsterinsights_skip_tracking":false,"_monsterinsights_sitenote_active":false,"_monsterinsights_sitenote_note":"","_monsterinsights_sitenote_category":0,"_uf_show_specific_survey":0,"_uf_disable_surveys":false,"jetpack_post_was_ever_published":false,"_jetpack_newsletter_access":"","_jetpack_dont_email_post_to_subs":false,"_jetpack_newsletter_tier_id":0,"_jetpack_memberships_contains_paywalled_content":false,"_jetpack_memberships_contains_paid_content":false,"footnotes":"","jetpack_publicize_message":"","jetpack_publicize_feature_enabled":true,"jetpack_social_post_already_shared":true,"jetpack_social_options":{"image_generator_settings":{"template":"highway","default_image_id":0,"font":"","enabled":false},"version":2}},"categories":[4,20],"tags":[1437,1431],"class_list":["post-77708","post","type-post","status-publish","format-standard","has-post-thumbnail","hentry","category-destacadas","category-especysociales","tag-patricia-sosa","tag-teatro-25-de-mayo"],"aioseo_notices":[],"views":30,"jetpack_publicize_connections":[],"jetpack_featured_media_url":"https:\/\/i0.wp.com\/elterritorialweb.com.ar\/web\/wp-content\/uploads\/2025\/08\/Screenshot_20250804_134251_Gallery.jpg?fit=1080%2C714&ssl=1","jetpack_sharing_enabled":true,"_links":{"self":[{"href":"https:\/\/elterritorialweb.com.ar\/web\/wp-json\/wp\/v2\/posts\/77708","targetHints":{"allow":["GET"]}}],"collection":[{"href":"https:\/\/elterritorialweb.com.ar\/web\/wp-json\/wp\/v2\/posts"}],"about":[{"href":"https:\/\/elterritorialweb.com.ar\/web\/wp-json\/wp\/v2\/types\/post"}],"author":[{"embeddable":true,"href":"https:\/\/elterritorialweb.com.ar\/web\/wp-json\/wp\/v2\/users\/2"}],"replies":[{"embeddable":true,"href":"https:\/\/elterritorialweb.com.ar\/web\/wp-json\/wp\/v2\/comments?post=77708"}],"version-history":[{"count":1,"href":"https:\/\/elterritorialweb.com.ar\/web\/wp-json\/wp\/v2\/posts\/77708\/revisions"}],"predecessor-version":[{"id":77710,"href":"https:\/\/elterritorialweb.com.ar\/web\/wp-json\/wp\/v2\/posts\/77708\/revisions\/77710"}],"wp:featuredmedia":[{"embeddable":true,"href":"https:\/\/elterritorialweb.com.ar\/web\/wp-json\/wp\/v2\/media\/77713"}],"wp:attachment":[{"href":"https:\/\/elterritorialweb.com.ar\/web\/wp-json\/wp\/v2\/media?parent=77708"}],"wp:term":[{"taxonomy":"category","embeddable":true,"href":"https:\/\/elterritorialweb.com.ar\/web\/wp-json\/wp\/v2\/categories?post=77708"},{"taxonomy":"post_tag","embeddable":true,"href":"https:\/\/elterritorialweb.com.ar\/web\/wp-json\/wp\/v2\/tags?post=77708"}],"curies":[{"name":"wp","href":"https:\/\/api.w.org\/{rel}","templated":true}]}}