{"id":78074,"date":"2025-08-18T01:04:59","date_gmt":"2025-08-18T01:04:59","guid":{"rendered":"https:\/\/elterritorialweb.com.ar\/web\/?p=78074"},"modified":"2025-08-18T01:05:02","modified_gmt":"2025-08-18T01:05:02","slug":"el-frente-civico-por-santiago-presento-sus-candidatos-para-las-elecciones-nacionales","status":"publish","type":"post","link":"https:\/\/elterritorialweb.com.ar\/web\/el-frente-civico-por-santiago-presento-sus-candidatos-para-las-elecciones-nacionales\/","title":{"rendered":"EL FRENTE C\u00cdVICO POR SANTIAGO PRESENT\u00d3 SUS CANDIDATOS PARA LAS ELECCIONES NACIONALES"},"content":{"rendered":"\n<p>Para la categor\u00eda <strong>senadores nacionales<\/strong>, fueron designados como titulares <strong>Gerardo Zamora y Elia Esther del Carmen Moreno<\/strong>, mientras que los suplentes ser\u00e1n Cristian Oliva y Graciela Marion.<\/p>\n\n\n\n<p>En cuanto a los <strong>diputados nacionales<\/strong>, la n\u00f3mina de titulares est\u00e1 encabezada por <strong>Jorge Alejandro Mukdise<\/strong>, acompa\u00f1ado por <strong>Cecilia In\u00e9s L\u00f3pez Pasquali de Balmaceda<\/strong> y <strong>Astor An\u00edbal Padula<\/strong>. Como suplentes fueron oficializados Natividad Nassif, V\u00edctor Rodolfo Araujo y Mariela Nassif.<\/p>\n\n\n\n<p>Con esta presentaci\u00f3n, el Frente C\u00edvico por Santiago se prepara para disputar los comicios nacionales con una lista que combina dirigentes de amplia trayectoria pol\u00edtica con representantes de distintos \u00e1mbitos de la vida p\u00fablica de la provincia.<\/p>\n\n\n\n<p><\/p>\n","protected":false},"excerpt":{"rendered":"<p>En el marco de las pr\u00f3ximas elecciones nacionales, el Frente C\u00edvico por Santiago oficializ\u00f3 ante la justicia federal la lista de candidatos que representar\u00e1n a la provincia en el Congreso de la Naci\u00f3n.<\/p>\n","protected":false},"author":2,"featured_media":78075,"comment_status":"open","ping_status":"open","sticky":false,"template":"","format":"standard","meta":{"om_disable_all_campaigns":false,"_monsterinsights_skip_tracking":false,"_monsterinsights_sitenote_active":false,"_monsterinsights_sitenote_note":"","_monsterinsights_sitenote_category":0,"_uf_show_specific_survey":0,"_uf_disable_surveys":false,"jetpack_post_was_ever_published":false,"_jetpack_newsletter_access":"","_jetpack_dont_email_post_to_subs":false,"_jetpack_newsletter_tier_id":0,"_jetpack_memberships_contains_paywalled_content":false,"_jetpack_memberships_contains_paid_content":false,"footnotes":"","jetpack_publicize_message":"","jetpack_publicize_feature_enabled":true,"jetpack_social_post_already_shared":true,"jetpack_social_options":{"image_generator_settings":{"template":"highway","default_image_id":0,"font":"","enabled":false},"version":2}},"categories":[4,18],"tags":[376],"class_list":["post-78074","post","type-post","status-publish","format-standard","has-post-thumbnail","hentry","category-destacadas","category-politica","tag-frente-civico-por-santiago"],"aioseo_notices":[],"views":30,"jetpack_publicize_connections":[],"jetpack_featured_media_url":"https:\/\/i0.wp.com\/elterritorialweb.com.ar\/web\/wp-content\/uploads\/2025\/08\/Screenshot_20250817_220155_Facebook.jpg?fit=732%2C552&ssl=1","jetpack_sharing_enabled":true,"_links":{"self":[{"href":"https:\/\/elterritorialweb.com.ar\/web\/wp-json\/wp\/v2\/posts\/78074","targetHints":{"allow":["GET"]}}],"collection":[{"href":"https:\/\/elterritorialweb.com.ar\/web\/wp-json\/wp\/v2\/posts"}],"about":[{"href":"https:\/\/elterritorialweb.com.ar\/web\/wp-json\/wp\/v2\/types\/post"}],"author":[{"embeddable":true,"href":"https:\/\/elterritorialweb.com.ar\/web\/wp-json\/wp\/v2\/users\/2"}],"replies":[{"embeddable":true,"href":"https:\/\/elterritorialweb.com.ar\/web\/wp-json\/wp\/v2\/comments?post=78074"}],"version-history":[{"count":1,"href":"https:\/\/elterritorialweb.com.ar\/web\/wp-json\/wp\/v2\/posts\/78074\/revisions"}],"predecessor-version":[{"id":78076,"href":"https:\/\/elterritorialweb.com.ar\/web\/wp-json\/wp\/v2\/posts\/78074\/revisions\/78076"}],"wp:featuredmedia":[{"embeddable":true,"href":"https:\/\/elterritorialweb.com.ar\/web\/wp-json\/wp\/v2\/media\/78075"}],"wp:attachment":[{"href":"https:\/\/elterritorialweb.com.ar\/web\/wp-json\/wp\/v2\/media?parent=78074"}],"wp:term":[{"taxonomy":"category","embeddable":true,"href":"https:\/\/elterritorialweb.com.ar\/web\/wp-json\/wp\/v2\/categories?post=78074"},{"taxonomy":"post_tag","embeddable":true,"href":"https:\/\/elterritorialweb.com.ar\/web\/wp-json\/wp\/v2\/tags?post=78074"}],"curies":[{"name":"wp","href":"https:\/\/api.w.org\/{rel}","templated":true}]}}