{"id":78077,"date":"2025-08-18T01:16:12","date_gmt":"2025-08-18T01:16:12","guid":{"rendered":"https:\/\/elterritorialweb.com.ar\/web\/?p=78077"},"modified":"2025-08-18T01:16:14","modified_gmt":"2025-08-18T01:16:14","slug":"el-partido-justicialista-local-presento-su-nomina-de-candidatos-a-legisladores-nacionales","status":"publish","type":"post","link":"https:\/\/elterritorialweb.com.ar\/web\/el-partido-justicialista-local-presento-su-nomina-de-candidatos-a-legisladores-nacionales\/","title":{"rendered":"EL PARTIDO JUSTICIALISTA LOCAL PRESENT\u00d3 SU NOMINA DE CANDIDATOS A LEGISLADORES NACIONALES"},"content":{"rendered":"\n<p>El Frente Fuerza Patria Peronista oficializ\u00f3 la presentaci\u00f3n de sus candidatos que competir\u00e1n en las pr\u00f3ximas elecciones nacionales, con el objetivo de representar a Santiago del Estero en el Congreso de la Naci\u00f3n.<\/p>\n\n\n\n<p>SENADORES NACIONALES<br>Como titulares fueron presentados Jos\u00e9 Emilio \u201cPich\u00f3n\u201d Neder y Marcela Antonia Soria, quienes estar\u00e1n acompa\u00f1ados en la lista por los suplentes Amado Tom\u00e1s \u201cBochi\u201d Chamorro y Mar\u00eda Bel\u00e9n Abdala.<\/p>\n\n\n\n<p>DIPUTADOS NACIONALES<br>Para la C\u00e1mara Baja, los candidatos titulares son Marcelo Alejandro Barbur, Mar\u00eda Luc\u00eda Corlli y Orlando Nicol\u00e1s \u00c1vila. En tanto, como suplentes figuran Viviana Haidee Campos, Diego Federico Ponti y Ramona del Carmen \u201cNony\u201d Abdala.<\/p>\n\n\n\n<p>Con estas propuestas, el Frente Fuerza Patria Peronista busca consolidar su espacio pol\u00edtico y fortalecer la representaci\u00f3n santiague\u00f1a en el \u00e1mbito nacional, apostando a una agenda legislativa vinculada a la defensa de los derechos sociales, el federalismo y el desarrollo productivo de la provincia.<\/p>\n","protected":false},"excerpt":{"rendered":"<p>Bajo el nombre de Frente Fuerza Patria Peronista el Partido Justicislista present\u00f3 a sus candidatos a senadores y diputados nacionales que competir\u00e1n en las pr\u00f3ximas elecciones legislativas 2025.<\/p>\n","protected":false},"author":2,"featured_media":64544,"comment_status":"open","ping_status":"open","sticky":false,"template":"","format":"standard","meta":{"om_disable_all_campaigns":false,"_monsterinsights_skip_tracking":false,"_monsterinsights_sitenote_active":false,"_monsterinsights_sitenote_note":"","_monsterinsights_sitenote_category":0,"_uf_show_specific_survey":0,"_uf_disable_surveys":false,"jetpack_post_was_ever_published":false,"_jetpack_newsletter_access":"","_jetpack_dont_email_post_to_subs":false,"_jetpack_newsletter_tier_id":0,"_jetpack_memberships_contains_paywalled_content":false,"_jetpack_memberships_contains_paid_content":false,"footnotes":"","jetpack_publicize_message":"","jetpack_publicize_feature_enabled":true,"jetpack_social_post_already_shared":true,"jetpack_social_options":{"image_generator_settings":{"template":"highway","default_image_id":0,"font":"","enabled":false},"version":2}},"categories":[4,18],"tags":[402],"class_list":["post-78077","post","type-post","status-publish","format-standard","has-post-thumbnail","hentry","category-destacadas","category-politica","tag-partido-justicialista"],"aioseo_notices":[],"views":35,"jetpack_publicize_connections":[],"jetpack_featured_media_url":"https:\/\/i0.wp.com\/elterritorialweb.com.ar\/web\/wp-content\/uploads\/2024\/03\/pichon-neder.jpg?fit=2048%2C1367&ssl=1","jetpack_sharing_enabled":true,"_links":{"self":[{"href":"https:\/\/elterritorialweb.com.ar\/web\/wp-json\/wp\/v2\/posts\/78077","targetHints":{"allow":["GET"]}}],"collection":[{"href":"https:\/\/elterritorialweb.com.ar\/web\/wp-json\/wp\/v2\/posts"}],"about":[{"href":"https:\/\/elterritorialweb.com.ar\/web\/wp-json\/wp\/v2\/types\/post"}],"author":[{"embeddable":true,"href":"https:\/\/elterritorialweb.com.ar\/web\/wp-json\/wp\/v2\/users\/2"}],"replies":[{"embeddable":true,"href":"https:\/\/elterritorialweb.com.ar\/web\/wp-json\/wp\/v2\/comments?post=78077"}],"version-history":[{"count":1,"href":"https:\/\/elterritorialweb.com.ar\/web\/wp-json\/wp\/v2\/posts\/78077\/revisions"}],"predecessor-version":[{"id":78078,"href":"https:\/\/elterritorialweb.com.ar\/web\/wp-json\/wp\/v2\/posts\/78077\/revisions\/78078"}],"wp:featuredmedia":[{"embeddable":true,"href":"https:\/\/elterritorialweb.com.ar\/web\/wp-json\/wp\/v2\/media\/64544"}],"wp:attachment":[{"href":"https:\/\/elterritorialweb.com.ar\/web\/wp-json\/wp\/v2\/media?parent=78077"}],"wp:term":[{"taxonomy":"category","embeddable":true,"href":"https:\/\/elterritorialweb.com.ar\/web\/wp-json\/wp\/v2\/categories?post=78077"},{"taxonomy":"post_tag","embeddable":true,"href":"https:\/\/elterritorialweb.com.ar\/web\/wp-json\/wp\/v2\/tags?post=78077"}],"curies":[{"name":"wp","href":"https:\/\/api.w.org\/{rel}","templated":true}]}}