{"id":78112,"date":"2025-08-19T23:55:56","date_gmt":"2025-08-19T23:55:56","guid":{"rendered":"https:\/\/elterritorialweb.com.ar\/web\/?p=78112"},"modified":"2025-08-19T23:58:16","modified_gmt":"2025-08-19T23:58:16","slug":"llega-el-xxi-encuentro-latinoamericano-mishquila-de-arpas-a-santiago-del-estero","status":"publish","type":"post","link":"https:\/\/elterritorialweb.com.ar\/web\/llega-el-xxi-encuentro-latinoamericano-mishquila-de-arpas-a-santiago-del-estero\/","title":{"rendered":"LLEGA EL XXI ENCUENTRO LATINOAMERICANO MISHQUILA DE ARPAS A SANTIAGO DEL ESTERO"},"content":{"rendered":"\n<p>El evento, que re\u00fane a destacados arpistas de diferentes pa\u00edses de Latinoam\u00e9rica, ofrecer\u00e1 una variada programaci\u00f3n con presentaciones los d\u00edas 20, 21 y 22 a las 20:30 horas en el Forum, mientras que el s\u00e1bado 23, a las 21 horas, el encuentro tendr\u00e1 lugar en el Teatro 25 de Mayo.<\/p>\n\n\n\n<p>La propuesta busca fortalecer los lazos culturales entre artistas y p\u00fablico, a la vez que pone en valor la tradici\u00f3n musical de la regi\u00f3n. Con acceso libre y gratuito, el encuentro invita a la comunidad a disfrutar de la excelencia de los int\u00e9rpretes y de la riqueza sonora de uno de los instrumentos m\u00e1s antiguos y cautivadores.<\/p>\n\n\n\n<p>De este modo, Santiago del Estero se prepara para vivir cuatro jornadas \u00fanicas donde la m\u00fasica, el intercambio cultural y la pasi\u00f3n por las arpas ser\u00e1n los grandes protagonistas.<\/p>\n","protected":false},"excerpt":{"rendered":"<p>Santiago del Estero ser\u00e1 nuevamente escenario de un acontecimiento cultural de gran relevancia internacional con la realizaci\u00f3n del 21\u00b0 Encuentro Latinoamericano Mishquila de Arpas, que se desarrollar\u00e1 del 20 al 23 de agosto en dos sedes principales: el Forum y el Teatro 25 de Mayo.<\/p>\n","protected":false},"author":2,"featured_media":78114,"comment_status":"open","ping_status":"open","sticky":false,"template":"","format":"standard","meta":{"om_disable_all_campaigns":false,"_monsterinsights_skip_tracking":false,"_monsterinsights_sitenote_active":false,"_monsterinsights_sitenote_note":"","_monsterinsights_sitenote_category":0,"_uf_show_specific_survey":0,"_uf_disable_surveys":false,"jetpack_post_was_ever_published":false,"_jetpack_newsletter_access":"","_jetpack_dont_email_post_to_subs":false,"_jetpack_newsletter_tier_id":0,"_jetpack_memberships_contains_paywalled_content":false,"_jetpack_memberships_contains_paid_content":false,"footnotes":"","jetpack_publicize_message":"","jetpack_publicize_feature_enabled":true,"jetpack_social_post_already_shared":true,"jetpack_social_options":{"image_generator_settings":{"template":"highway","default_image_id":0,"font":"","enabled":false},"version":2}},"categories":[4,20],"tags":[1463],"class_list":["post-78112","post","type-post","status-publish","format-standard","has-post-thumbnail","hentry","category-destacadas","category-especysociales","tag-mishquila-de-arpas"],"aioseo_notices":[],"views":46,"jetpack_publicize_connections":[],"jetpack_featured_media_url":"https:\/\/i0.wp.com\/elterritorialweb.com.ar\/web\/wp-content\/uploads\/2025\/08\/Screenshot_20250819_204952_Gallery.jpg?fit=1080%2C725&ssl=1","jetpack_sharing_enabled":true,"_links":{"self":[{"href":"https:\/\/elterritorialweb.com.ar\/web\/wp-json\/wp\/v2\/posts\/78112","targetHints":{"allow":["GET"]}}],"collection":[{"href":"https:\/\/elterritorialweb.com.ar\/web\/wp-json\/wp\/v2\/posts"}],"about":[{"href":"https:\/\/elterritorialweb.com.ar\/web\/wp-json\/wp\/v2\/types\/post"}],"author":[{"embeddable":true,"href":"https:\/\/elterritorialweb.com.ar\/web\/wp-json\/wp\/v2\/users\/2"}],"replies":[{"embeddable":true,"href":"https:\/\/elterritorialweb.com.ar\/web\/wp-json\/wp\/v2\/comments?post=78112"}],"version-history":[{"count":1,"href":"https:\/\/elterritorialweb.com.ar\/web\/wp-json\/wp\/v2\/posts\/78112\/revisions"}],"predecessor-version":[{"id":78115,"href":"https:\/\/elterritorialweb.com.ar\/web\/wp-json\/wp\/v2\/posts\/78112\/revisions\/78115"}],"wp:featuredmedia":[{"embeddable":true,"href":"https:\/\/elterritorialweb.com.ar\/web\/wp-json\/wp\/v2\/media\/78114"}],"wp:attachment":[{"href":"https:\/\/elterritorialweb.com.ar\/web\/wp-json\/wp\/v2\/media?parent=78112"}],"wp:term":[{"taxonomy":"category","embeddable":true,"href":"https:\/\/elterritorialweb.com.ar\/web\/wp-json\/wp\/v2\/categories?post=78112"},{"taxonomy":"post_tag","embeddable":true,"href":"https:\/\/elterritorialweb.com.ar\/web\/wp-json\/wp\/v2\/tags?post=78112"}],"curies":[{"name":"wp","href":"https:\/\/api.w.org\/{rel}","templated":true}]}}