{"id":78116,"date":"2025-08-20T22:58:14","date_gmt":"2025-08-20T22:58:14","guid":{"rendered":"https:\/\/elterritorialweb.com.ar\/web\/?p=78116"},"modified":"2025-08-20T23:30:33","modified_gmt":"2025-08-20T23:30:33","slug":"xxvi-jornadas-santiaguenas-de-enfermeria-y-ii-encuentro-de-estudiantes-se-realizaran-en-septiembre","status":"publish","type":"post","link":"https:\/\/elterritorialweb.com.ar\/web\/xxvi-jornadas-santiaguenas-de-enfermeria-y-ii-encuentro-de-estudiantes-se-realizaran-en-septiembre\/","title":{"rendered":"XXVI JORNADAS SANTIAGUE\u00d1AS DE ENFERMER\u00cdA Y II ENCUENTRO DE ESTUDIANTES SE REALIZAR\u00c1N EN SEPTIEMBRE"},"content":{"rendered":"\n<p>El Colegio de Profesionales de Enfermer\u00eda de Santiago del Estero convoca a participar de las XXVI Jornadas Santiague\u00f1as de Enfermer\u00eda del NOA\/NEA y del II Encuentro de Estudiantes de Enfermer\u00eda de la Provincia, bajo el lema \u201cDesaf\u00edos actuales de enfermer\u00eda en el sistema p\u00fablico de la provincia\u201d. <\/p>\n\n\n\n<p>El evento contar\u00e1 con la presencia de destacadas personalidades del \u00e1mbito nacional, entre ellas la presidenta de la Federaci\u00f3n Argentina de Enfermer\u00eda, Mgt. Claudia Moreno; el director de Enfermer\u00eda del Hospital Garrahan, Lic. C\u00e9sar Avellaneda; la referente de Teleenfermer\u00eda, Lic. Marcela Mart\u00ednez; la directora de la Direcci\u00f3n Nacional de Enfermer\u00eda, Dra. Silvia Rodr\u00edguez; y el presidente del Comit\u00e9 de Bio\u00e9tica del Hospital de Ni\u00f1os de Tucum\u00e1n, Lic. Lucas Acosta.<\/p>\n\n\n\n<p>Estas jornadas se presentan como un espacio propicio para el encuentro, debate y construcci\u00f3n colectiva de saberes, fomentando la actualizaci\u00f3n profesional y la participaci\u00f3n activa tanto de estudiantes como de trabajadores de la salud.<\/p>\n\n\n\n<p>La convocatoria est\u00e1 dirigida a profesionales de enfermer\u00eda, docentes, estudiantes, gestores y equipos de salud interesados en reflexionar sobre los desaf\u00edos actuales que atraviesa la profesi\u00f3n en los distintos niveles del sistema sanitario.<\/p>\n\n\n\n<figure class=\"wp-block-image size-large\"><a href=\"https:\/\/i0.wp.com\/elterritorialweb.com.ar\/web\/wp-content\/uploads\/2025\/08\/IMG-20250820-WA0006.jpg\"><img data-recalc-dims=\"1\" decoding=\"async\" width=\"640\" height=\"906\" data-src=\"https:\/\/i0.wp.com\/elterritorialweb.com.ar\/web\/wp-content\/uploads\/2025\/08\/IMG-20250820-WA0006.jpg?resize=640%2C906\" alt=\"\" class=\"wp-image-78120 lazyload\" data-srcset=\"https:\/\/i0.wp.com\/elterritorialweb.com.ar\/web\/wp-content\/uploads\/2025\/08\/IMG-20250820-WA0006.jpg?resize=723%2C1024&amp;ssl=1 723w, https:\/\/i0.wp.com\/elterritorialweb.com.ar\/web\/wp-content\/uploads\/2025\/08\/IMG-20250820-WA0006.jpg?resize=212%2C300&amp;ssl=1 212w, https:\/\/i0.wp.com\/elterritorialweb.com.ar\/web\/wp-content\/uploads\/2025\/08\/IMG-20250820-WA0006.jpg?resize=768%2C1087&amp;ssl=1 768w, https:\/\/i0.wp.com\/elterritorialweb.com.ar\/web\/wp-content\/uploads\/2025\/08\/IMG-20250820-WA0006.jpg?w=904&amp;ssl=1 904w\" data-sizes=\"(max-width: 640px) 100vw, 640px\" src=\"data:image\/svg+xml;base64,PHN2ZyB3aWR0aD0iMSIgaGVpZ2h0PSIxIiB4bWxucz0iaHR0cDovL3d3dy53My5vcmcvMjAwMC9zdmciPjwvc3ZnPg==\" style=\"--smush-placeholder-width: 640px; --smush-placeholder-aspect-ratio: 640\/906;\" \/><\/a><\/figure>\n\n\n\n<h3 class=\"wp-block-heading\">Inscripciones y presentaci\u00f3n de trabajos<\/h3>\n\n\n\n<p>Las inscripciones deben realizarse de manera online a trav\u00e9s del siguiente link: <a href=\"https:\/\/forms.gle\/oR9saKHeA6d6S5XS\"><strong>https:\/\/forms.gle\/oR9saKHeA6d6S5XS<\/strong><\/a>.<\/p>\n\n\n\n<p>Asimismo, se invita a la presentaci\u00f3n de trabajos en torno a los siguientes ejes tem\u00e1ticos:<\/p>\n\n\n\n<ol class=\"wp-block-list\">\n<li>Condiciones laborales de la enfermer\u00eda en \u00e1mbitos hospitalarios y comunitarios.<\/li>\n\n\n\n<li>Desarrollo del capital y talento humano en enfermer\u00eda.<\/li>\n\n\n\n<li>Estrategias de enfermer\u00eda para el desarrollo humano y la promoci\u00f3n de ambientes saludables.<\/li>\n\n\n\n<li>Estr\u00e9s laboral en el ejercicio de la enfermer\u00eda.<\/li>\n\n\n\n<li>Formaci\u00f3n profesional del estudiantado de enfermer\u00eda: desaf\u00edos, experiencias y trayectorias en contextos hospitalarios, comunitarios y acad\u00e9micos.<\/li>\n<\/ol>\n\n\n\n<p>Los res\u00famenes podr\u00e1n enviarse hasta el 23 de agosto al correo electr\u00f3nico jornadasgodelest.123@gmail.com. El 5 de septiembre se informar\u00e1 la aceptaci\u00f3n de los trabajos para su exposici\u00f3n.<\/p>\n","protected":false},"excerpt":{"rendered":"<p>La cita ser\u00e1 los d\u00edas 12 y 13 de septiembre en el SUM del Colegio de M\u00e9dicos de Santiago del Estero.<\/p>\n","protected":false},"author":2,"featured_media":78117,"comment_status":"open","ping_status":"open","sticky":false,"template":"","format":"standard","meta":{"om_disable_all_campaigns":false,"_monsterinsights_skip_tracking":false,"_monsterinsights_sitenote_active":false,"_monsterinsights_sitenote_note":"","_monsterinsights_sitenote_category":0,"_uf_show_specific_survey":0,"_uf_disable_surveys":false,"jetpack_post_was_ever_published":false,"_jetpack_newsletter_access":"","_jetpack_dont_email_post_to_subs":false,"_jetpack_newsletter_tier_id":0,"_jetpack_memberships_contains_paywalled_content":false,"_jetpack_memberships_contains_paid_content":false,"footnotes":"","jetpack_publicize_message":"","jetpack_publicize_feature_enabled":true,"jetpack_social_post_already_shared":true,"jetpack_social_options":{"image_generator_settings":{"template":"highway","default_image_id":0,"font":"","enabled":false},"version":2}},"categories":[4,3],"tags":[],"class_list":["post-78116","post","type-post","status-publish","format-standard","has-post-thumbnail","hentry","category-destacadas","category-salud"],"aioseo_notices":[],"views":70,"jetpack_publicize_connections":[],"jetpack_featured_media_url":"https:\/\/i0.wp.com\/elterritorialweb.com.ar\/web\/wp-content\/uploads\/2025\/08\/5e551ea7565ae1004x565_732_1296.jpg?fit=1296%2C728&ssl=1","jetpack_sharing_enabled":true,"_links":{"self":[{"href":"https:\/\/elterritorialweb.com.ar\/web\/wp-json\/wp\/v2\/posts\/78116","targetHints":{"allow":["GET"]}}],"collection":[{"href":"https:\/\/elterritorialweb.com.ar\/web\/wp-json\/wp\/v2\/posts"}],"about":[{"href":"https:\/\/elterritorialweb.com.ar\/web\/wp-json\/wp\/v2\/types\/post"}],"author":[{"embeddable":true,"href":"https:\/\/elterritorialweb.com.ar\/web\/wp-json\/wp\/v2\/users\/2"}],"replies":[{"embeddable":true,"href":"https:\/\/elterritorialweb.com.ar\/web\/wp-json\/wp\/v2\/comments?post=78116"}],"version-history":[{"count":3,"href":"https:\/\/elterritorialweb.com.ar\/web\/wp-json\/wp\/v2\/posts\/78116\/revisions"}],"predecessor-version":[{"id":78123,"href":"https:\/\/elterritorialweb.com.ar\/web\/wp-json\/wp\/v2\/posts\/78116\/revisions\/78123"}],"wp:featuredmedia":[{"embeddable":true,"href":"https:\/\/elterritorialweb.com.ar\/web\/wp-json\/wp\/v2\/media\/78117"}],"wp:attachment":[{"href":"https:\/\/elterritorialweb.com.ar\/web\/wp-json\/wp\/v2\/media?parent=78116"}],"wp:term":[{"taxonomy":"category","embeddable":true,"href":"https:\/\/elterritorialweb.com.ar\/web\/wp-json\/wp\/v2\/categories?post=78116"},{"taxonomy":"post_tag","embeddable":true,"href":"https:\/\/elterritorialweb.com.ar\/web\/wp-json\/wp\/v2\/tags?post=78116"}],"curies":[{"name":"wp","href":"https:\/\/api.w.org\/{rel}","templated":true}]}}