{"id":78124,"date":"2025-08-20T23:38:01","date_gmt":"2025-08-20T23:38:01","guid":{"rendered":"https:\/\/elterritorialweb.com.ar\/web\/?p=78124"},"modified":"2025-08-20T23:38:03","modified_gmt":"2025-08-20T23:38:03","slug":"el-gobernador-inauguro-las-obras-de-ampliacion-y-refaccion-en-la-residencia-mama-antula-de-la-banda","status":"publish","type":"post","link":"https:\/\/elterritorialweb.com.ar\/web\/el-gobernador-inauguro-las-obras-de-ampliacion-y-refaccion-en-la-residencia-mama-antula-de-la-banda\/","title":{"rendered":"EL GOBERNADOR INAUGUR\u00d3 LAS OBRAS DE AMPLIACI\u00d3N Y REFACCI\u00d3N EN LA RESIDENCIA \u201cMAMA ANTULA\u201d DE LA BANDA"},"content":{"rendered":"\n<p>El acto cont\u00f3 con la presencia del vicegobernador <strong>Carlos Silva Neder<\/strong>; el jefe de Gabinete, <strong>El\u00edas Su\u00e1rez; <\/strong>los ministros de Desarrollo Social, <strong>\u00c1ngel Niccolai,<\/strong> y de Salud, Natividad Nassif; el secretario de Obras P\u00fablicas, <strong>Jorge Zua\u00edn<\/strong>; el subsecretario de Desarrollo Social, <strong>Ramiro Banco<\/strong>; la directora general de Adultos Mayores, <strong>Luc\u00eda Witte,<\/strong> entre otros funcionarios e invitados.<\/p>\n\n\n\n<p>Tras el corte de cintas, se realiz\u00f3 un recorrido por el renovado edificio, que ahora cuenta con mayores comodidades para los residentes y el personal. Durante la visita, Zamora dialog\u00f3 con empleados, comparti\u00f3 un emotivo momento con los adultos mayores y destac\u00f3 la importancia de brindar dignidad y contenci\u00f3n a quienes atraviesan esta etapa de la vida.<\/p>\n\n\n\n<figure class=\"wp-block-image size-large\"><a href=\"https:\/\/i0.wp.com\/elterritorialweb.com.ar\/web\/wp-content\/uploads\/2025\/08\/IMG-20250820-WA0034.jpg\"><img data-recalc-dims=\"1\" decoding=\"async\" width=\"640\" height=\"426\" data-src=\"https:\/\/i0.wp.com\/elterritorialweb.com.ar\/web\/wp-content\/uploads\/2025\/08\/IMG-20250820-WA0034.jpg?resize=640%2C426\" alt=\"\" class=\"wp-image-78127 lazyload\" data-srcset=\"https:\/\/i0.wp.com\/elterritorialweb.com.ar\/web\/wp-content\/uploads\/2025\/08\/IMG-20250820-WA0034.jpg?resize=1024%2C682&amp;ssl=1 1024w, https:\/\/i0.wp.com\/elterritorialweb.com.ar\/web\/wp-content\/uploads\/2025\/08\/IMG-20250820-WA0034.jpg?resize=300%2C200&amp;ssl=1 300w, https:\/\/i0.wp.com\/elterritorialweb.com.ar\/web\/wp-content\/uploads\/2025\/08\/IMG-20250820-WA0034.jpg?resize=768%2C512&amp;ssl=1 768w, https:\/\/i0.wp.com\/elterritorialweb.com.ar\/web\/wp-content\/uploads\/2025\/08\/IMG-20250820-WA0034.jpg?resize=1536%2C1024&amp;ssl=1 1536w, https:\/\/i0.wp.com\/elterritorialweb.com.ar\/web\/wp-content\/uploads\/2025\/08\/IMG-20250820-WA0034.jpg?resize=2048%2C1365&amp;ssl=1 2048w, https:\/\/i0.wp.com\/elterritorialweb.com.ar\/web\/wp-content\/uploads\/2025\/08\/IMG-20250820-WA0034.jpg?w=1280 1280w, https:\/\/i0.wp.com\/elterritorialweb.com.ar\/web\/wp-content\/uploads\/2025\/08\/IMG-20250820-WA0034.jpg?w=1920 1920w\" data-sizes=\"(max-width: 640px) 100vw, 640px\" src=\"data:image\/svg+xml;base64,PHN2ZyB3aWR0aD0iMSIgaGVpZ2h0PSIxIiB4bWxucz0iaHR0cDovL3d3dy53My5vcmcvMjAwMC9zdmciPjwvc3ZnPg==\" style=\"--smush-placeholder-width: 640px; --smush-placeholder-aspect-ratio: 640\/426;\" \/><\/a><\/figure>\n\n\n\n<p>Las obras abarcaron una superficie cubierta de 2.600 metros cuadrados dentro de un predio de 10.500 metros cuadrados. Se realizaron mejoras en \u00e1reas administrativas, habitaciones, consultorios, cocina y lavadero. Entre los trabajos se incluyen el recambio de pisos, sistema el\u00e9ctrico, instalaci\u00f3n sanitaria, iluminaci\u00f3n led, acondicionadores de aire, ca\u00f1er\u00edas, aberturas, revoques y pintura. Tambi\u00e9n se construyeron seis nuevos m\u00f3dulos grandes de sanitarios, ocho m\u00f3dulos medios y dos n\u00facleos sanitarios en el \u00e1rea administrativa.<\/p>\n\n\n\n<p>Durante la ceremonia, alumnos de la Escuela \u201cSor Mar\u00eda Antonia de Paz y Figueroa\u201d entregaron al gobernador un cuadro de Mama Antula, ganador del concurso educativo \u201cRepresentando a Mama Antula\u201d, que fue donado a la residencia para su exhibici\u00f3n.<\/p>\n\n\n\n<p>La directora general de Adultos Mayores, <strong>Luc\u00eda Witte, <\/strong>subray\u00f3 que la residencia se convierte en un modelo nacional no solo por su infraestructura, sino tambi\u00e9n por el equipamiento que permitir\u00e1 una mejor atenci\u00f3n. \u201c<em>Queremos ser una residencia de puertas abiertas para toda la provincia\u201d,<\/em> afirm\u00f3.<\/p>\n\n\n\n<figure class=\"wp-block-image size-large\"><a href=\"https:\/\/i0.wp.com\/elterritorialweb.com.ar\/web\/wp-content\/uploads\/2025\/08\/IMG-20250820-WA0033.jpg\"><img data-recalc-dims=\"1\" decoding=\"async\" width=\"640\" height=\"426\" data-src=\"https:\/\/i0.wp.com\/elterritorialweb.com.ar\/web\/wp-content\/uploads\/2025\/08\/IMG-20250820-WA0033.jpg?resize=640%2C426\" alt=\"\" class=\"wp-image-78126 lazyload\" data-srcset=\"https:\/\/i0.wp.com\/elterritorialweb.com.ar\/web\/wp-content\/uploads\/2025\/08\/IMG-20250820-WA0033.jpg?resize=1024%2C682&amp;ssl=1 1024w, https:\/\/i0.wp.com\/elterritorialweb.com.ar\/web\/wp-content\/uploads\/2025\/08\/IMG-20250820-WA0033.jpg?resize=300%2C200&amp;ssl=1 300w, https:\/\/i0.wp.com\/elterritorialweb.com.ar\/web\/wp-content\/uploads\/2025\/08\/IMG-20250820-WA0033.jpg?resize=768%2C512&amp;ssl=1 768w, https:\/\/i0.wp.com\/elterritorialweb.com.ar\/web\/wp-content\/uploads\/2025\/08\/IMG-20250820-WA0033.jpg?resize=1536%2C1024&amp;ssl=1 1536w, https:\/\/i0.wp.com\/elterritorialweb.com.ar\/web\/wp-content\/uploads\/2025\/08\/IMG-20250820-WA0033.jpg?resize=2048%2C1365&amp;ssl=1 2048w, https:\/\/i0.wp.com\/elterritorialweb.com.ar\/web\/wp-content\/uploads\/2025\/08\/IMG-20250820-WA0033.jpg?w=1280 1280w, https:\/\/i0.wp.com\/elterritorialweb.com.ar\/web\/wp-content\/uploads\/2025\/08\/IMG-20250820-WA0033.jpg?w=1920 1920w\" data-sizes=\"(max-width: 640px) 100vw, 640px\" src=\"data:image\/svg+xml;base64,PHN2ZyB3aWR0aD0iMSIgaGVpZ2h0PSIxIiB4bWxucz0iaHR0cDovL3d3dy53My5vcmcvMjAwMC9zdmciPjwvc3ZnPg==\" style=\"--smush-placeholder-width: 640px; --smush-placeholder-aspect-ratio: 640\/426;\" \/><\/a><\/figure>\n\n\n\n<p>Por su parte, <strong>Zamora<\/strong> remarc\u00f3: <em>\u201cLo m\u00e1s importante que dejamos inaugurado hoy no son las paredes ni el equipamiento, sino la posibilidad de brindar un espacio digno y humano para quienes transitan esta etapa de sus vidas en soledad\u201d.<\/em><\/p>\n\n\n\n<p>Adem\u00e1s, anunci\u00f3 la creaci\u00f3n de un voluntariado del Consejo General de Educaci\u00f3n, con el objetivo de que estudiantes secundarios y t\u00e9cnicos acompa\u00f1en a adultos mayores en actividades culturales, sociales y de asistencia pr\u00e1ctica.<\/p>\n\n\n\n<p>Finalmente, el mandatario expres\u00f3<em>: \u201cSiempre es una caricia al alma que una persona vulnerable sienta protegido su derecho. Nos comprometemos a seguir colaborando con los adultos mayores de toda la provincia\u201d.<\/em><\/p>\n","protected":false},"excerpt":{"rendered":"<p>El gobernador Gerardo Zamora encabez\u00f3 este mi\u00e9rcoles la inauguraci\u00f3n de las obras de ampliaci\u00f3n y refacci\u00f3n de la Residencia de Larga Estad\u00eda para Adultos Mayores \u201cMama Antula\u201d de La Banda, con mejoras integrales en infraestructura y equipamiento que la convierten en un modelo en el pa\u00eds.<\/p>\n","protected":false},"author":2,"featured_media":78125,"comment_status":"open","ping_status":"open","sticky":false,"template":"","format":"standard","meta":{"om_disable_all_campaigns":false,"_monsterinsights_skip_tracking":false,"_monsterinsights_sitenote_active":false,"_monsterinsights_sitenote_note":"","_monsterinsights_sitenote_category":0,"_uf_show_specific_survey":0,"_uf_disable_surveys":false,"jetpack_post_was_ever_published":false,"_jetpack_newsletter_access":"","_jetpack_dont_email_post_to_subs":false,"_jetpack_newsletter_tier_id":0,"_jetpack_memberships_contains_paywalled_content":false,"_jetpack_memberships_contains_paid_content":false,"footnotes":"","jetpack_publicize_message":"","jetpack_publicize_feature_enabled":true,"jetpack_social_post_already_shared":true,"jetpack_social_options":{"image_generator_settings":{"template":"highway","default_image_id":0,"font":"","enabled":false},"version":2}},"categories":[4,21],"tags":[59,790],"class_list":["post-78124","post","type-post","status-publish","format-standard","has-post-thumbnail","hentry","category-destacadas","category-locales","tag-gerardo-zamora","tag-obra-publica"],"aioseo_notices":[],"views":24,"jetpack_publicize_connections":[],"jetpack_featured_media_url":"https:\/\/i0.wp.com\/elterritorialweb.com.ar\/web\/wp-content\/uploads\/2025\/08\/IMG-20250820-WA0032.jpg?fit=2560%2C1767&ssl=1","jetpack_sharing_enabled":true,"_links":{"self":[{"href":"https:\/\/elterritorialweb.com.ar\/web\/wp-json\/wp\/v2\/posts\/78124","targetHints":{"allow":["GET"]}}],"collection":[{"href":"https:\/\/elterritorialweb.com.ar\/web\/wp-json\/wp\/v2\/posts"}],"about":[{"href":"https:\/\/elterritorialweb.com.ar\/web\/wp-json\/wp\/v2\/types\/post"}],"author":[{"embeddable":true,"href":"https:\/\/elterritorialweb.com.ar\/web\/wp-json\/wp\/v2\/users\/2"}],"replies":[{"embeddable":true,"href":"https:\/\/elterritorialweb.com.ar\/web\/wp-json\/wp\/v2\/comments?post=78124"}],"version-history":[{"count":1,"href":"https:\/\/elterritorialweb.com.ar\/web\/wp-json\/wp\/v2\/posts\/78124\/revisions"}],"predecessor-version":[{"id":78128,"href":"https:\/\/elterritorialweb.com.ar\/web\/wp-json\/wp\/v2\/posts\/78124\/revisions\/78128"}],"wp:featuredmedia":[{"embeddable":true,"href":"https:\/\/elterritorialweb.com.ar\/web\/wp-json\/wp\/v2\/media\/78125"}],"wp:attachment":[{"href":"https:\/\/elterritorialweb.com.ar\/web\/wp-json\/wp\/v2\/media?parent=78124"}],"wp:term":[{"taxonomy":"category","embeddable":true,"href":"https:\/\/elterritorialweb.com.ar\/web\/wp-json\/wp\/v2\/categories?post=78124"},{"taxonomy":"post_tag","embeddable":true,"href":"https:\/\/elterritorialweb.com.ar\/web\/wp-json\/wp\/v2\/tags?post=78124"}],"curies":[{"name":"wp","href":"https:\/\/api.w.org\/{rel}","templated":true}]}}