{"id":78129,"date":"2025-08-21T00:01:48","date_gmt":"2025-08-21T00:01:48","guid":{"rendered":"https:\/\/elterritorialweb.com.ar\/web\/?p=78129"},"modified":"2025-08-21T00:01:50","modified_gmt":"2025-08-21T00:01:50","slug":"el-gobernador-recibio-al-piloto-santiagueno-jorge-bruno-protagonista-de-la-formula-2-argentina","status":"publish","type":"post","link":"https:\/\/elterritorialweb.com.ar\/web\/el-gobernador-recibio-al-piloto-santiagueno-jorge-bruno-protagonista-de-la-formula-2-argentina\/","title":{"rendered":"EL GOBERNADOR RECIBI\u00d3 AL PILOTO SANTIAGUE\u00d1O JORGE BRUNO, PROTAGONISTA DE LA F\u00d3RMULA 2 ARGENTINA"},"content":{"rendered":"\n<p>El encuentro cont\u00f3 tambi\u00e9n con la presencia del secretario de Deportes, <strong>Carlos Dapello<\/strong>; del padre del joven corredor, <strong>Jorge Bruno<\/strong>; y del periodista especializado en automovilismo, <strong>Juan Manuel Carabajal.<\/strong><\/p>\n\n\n\n<p>Durante la reuni\u00f3n, el mandatario felicit\u00f3 a <strong>Bruno<\/strong> por sus logros deportivos y subray\u00f3<em> \u201csu esfuerzo, compromiso y dedicaci\u00f3n en una de las categor\u00edas m\u00e1s importantes del automovilismo nacional\u201d.<\/em><\/p>\n\n\n\n<figure class=\"wp-block-image size-large\"><a href=\"https:\/\/i0.wp.com\/elterritorialweb.com.ar\/web\/wp-content\/uploads\/2025\/08\/FB_IMG_1755733368154.jpg\"><img data-recalc-dims=\"1\" decoding=\"async\" width=\"640\" height=\"426\" data-src=\"https:\/\/i0.wp.com\/elterritorialweb.com.ar\/web\/wp-content\/uploads\/2025\/08\/FB_IMG_1755733368154.jpg?resize=640%2C426\" alt=\"\" class=\"wp-image-78131 lazyload\" data-srcset=\"https:\/\/i0.wp.com\/elterritorialweb.com.ar\/web\/wp-content\/uploads\/2025\/08\/FB_IMG_1755733368154.jpg?resize=1024%2C682&amp;ssl=1 1024w, https:\/\/i0.wp.com\/elterritorialweb.com.ar\/web\/wp-content\/uploads\/2025\/08\/FB_IMG_1755733368154.jpg?resize=300%2C200&amp;ssl=1 300w, https:\/\/i0.wp.com\/elterritorialweb.com.ar\/web\/wp-content\/uploads\/2025\/08\/FB_IMG_1755733368154.jpg?resize=768%2C512&amp;ssl=1 768w, https:\/\/i0.wp.com\/elterritorialweb.com.ar\/web\/wp-content\/uploads\/2025\/08\/FB_IMG_1755733368154.jpg?resize=1536%2C1023&amp;ssl=1 1536w, https:\/\/i0.wp.com\/elterritorialweb.com.ar\/web\/wp-content\/uploads\/2025\/08\/FB_IMG_1755733368154.jpg?w=2048&amp;ssl=1 2048w, https:\/\/i0.wp.com\/elterritorialweb.com.ar\/web\/wp-content\/uploads\/2025\/08\/FB_IMG_1755733368154.jpg?w=1280 1280w, https:\/\/i0.wp.com\/elterritorialweb.com.ar\/web\/wp-content\/uploads\/2025\/08\/FB_IMG_1755733368154.jpg?w=1920 1920w\" data-sizes=\"(max-width: 640px) 100vw, 640px\" src=\"data:image\/svg+xml;base64,PHN2ZyB3aWR0aD0iMSIgaGVpZ2h0PSIxIiB4bWxucz0iaHR0cDovL3d3dy53My5vcmcvMjAwMC9zdmciPjwvc3ZnPg==\" style=\"--smush-placeholder-width: 640px; --smush-placeholder-aspect-ratio: 640\/426;\" \/><\/a><\/figure>\n\n\n\n<p>A su turno, el piloto expres\u00f3: <em>\u201cEs un orgullo para m\u00ed estar representando a mi provincia\u201d<\/em> y agradeci\u00f3 <em>\u201cel apoyo de todos los santiague\u00f1os\u201d <\/em>que lo acompa\u00f1an en su carrera profesional.<\/p>\n\n\n\n<p>De esta manera, el Gobierno provincial reafirma su compromiso en el acompa\u00f1amiento y apoyo a los deportistas que, como Jorge Bruno, llevan con orgullo el nombre de Santiago del Estero a los principales escenarios del pa\u00eds.<\/p>\n","protected":false},"excerpt":{"rendered":"<p>El gobernador de la provincia, Dr. Gerardo Zamora, recibi\u00f3 este mi\u00e9rcoles en Casa de Gobierno al piloto santiague\u00f1o Jorge Bruno, quien viene destac\u00e1ndose con gran desempe\u00f1o en el campeonato nacional de F\u00f3rmula 2 Argentina.<\/p>\n","protected":false},"author":2,"featured_media":78130,"comment_status":"open","ping_status":"open","sticky":false,"template":"","format":"standard","meta":{"om_disable_all_campaigns":false,"_monsterinsights_skip_tracking":false,"_monsterinsights_sitenote_active":false,"_monsterinsights_sitenote_note":"","_monsterinsights_sitenote_category":0,"_uf_show_specific_survey":0,"_uf_disable_surveys":false,"jetpack_post_was_ever_published":false,"_jetpack_newsletter_access":"","_jetpack_dont_email_post_to_subs":false,"_jetpack_newsletter_tier_id":0,"_jetpack_memberships_contains_paywalled_content":false,"_jetpack_memberships_contains_paid_content":false,"footnotes":"","jetpack_publicize_message":"","jetpack_publicize_feature_enabled":true,"jetpack_social_post_already_shared":true,"jetpack_social_options":{"image_generator_settings":{"template":"highway","default_image_id":0,"font":"","enabled":false},"version":2}},"categories":[4,21],"tags":[],"class_list":["post-78129","post","type-post","status-publish","format-standard","has-post-thumbnail","hentry","category-destacadas","category-locales"],"aioseo_notices":[],"views":25,"jetpack_publicize_connections":[],"jetpack_featured_media_url":"https:\/\/i0.wp.com\/elterritorialweb.com.ar\/web\/wp-content\/uploads\/2025\/08\/FB_IMG_1755733363134.jpg?fit=2048%2C1364&ssl=1","jetpack_sharing_enabled":true,"_links":{"self":[{"href":"https:\/\/elterritorialweb.com.ar\/web\/wp-json\/wp\/v2\/posts\/78129","targetHints":{"allow":["GET"]}}],"collection":[{"href":"https:\/\/elterritorialweb.com.ar\/web\/wp-json\/wp\/v2\/posts"}],"about":[{"href":"https:\/\/elterritorialweb.com.ar\/web\/wp-json\/wp\/v2\/types\/post"}],"author":[{"embeddable":true,"href":"https:\/\/elterritorialweb.com.ar\/web\/wp-json\/wp\/v2\/users\/2"}],"replies":[{"embeddable":true,"href":"https:\/\/elterritorialweb.com.ar\/web\/wp-json\/wp\/v2\/comments?post=78129"}],"version-history":[{"count":1,"href":"https:\/\/elterritorialweb.com.ar\/web\/wp-json\/wp\/v2\/posts\/78129\/revisions"}],"predecessor-version":[{"id":78132,"href":"https:\/\/elterritorialweb.com.ar\/web\/wp-json\/wp\/v2\/posts\/78129\/revisions\/78132"}],"wp:featuredmedia":[{"embeddable":true,"href":"https:\/\/elterritorialweb.com.ar\/web\/wp-json\/wp\/v2\/media\/78130"}],"wp:attachment":[{"href":"https:\/\/elterritorialweb.com.ar\/web\/wp-json\/wp\/v2\/media?parent=78129"}],"wp:term":[{"taxonomy":"category","embeddable":true,"href":"https:\/\/elterritorialweb.com.ar\/web\/wp-json\/wp\/v2\/categories?post=78129"},{"taxonomy":"post_tag","embeddable":true,"href":"https:\/\/elterritorialweb.com.ar\/web\/wp-json\/wp\/v2\/tags?post=78129"}],"curies":[{"name":"wp","href":"https:\/\/api.w.org\/{rel}","templated":true}]}}