{"id":78133,"date":"2025-08-21T00:25:56","date_gmt":"2025-08-21T00:25:56","guid":{"rendered":"https:\/\/elterritorialweb.com.ar\/web\/?p=78133"},"modified":"2025-08-21T00:25:58","modified_gmt":"2025-08-21T00:25:58","slug":"diputados-rechazaron-el-veto-de-javier-milei-a-la-ley-de-emergencia-en-discapacidad","status":"publish","type":"post","link":"https:\/\/elterritorialweb.com.ar\/web\/diputados-rechazaron-el-veto-de-javier-milei-a-la-ley-de-emergencia-en-discapacidad\/","title":{"rendered":"DIPUTADOS RECHAZARON EL VETO DE JAVIER MILEI A LA LEY DE EMERGENCIA EN DISCAPACIDAD"},"content":{"rendered":"\n<p>La iniciativa, que busca garantizar derechos y servicios esenciales para personas con discapacidad en un contexto de recortes y demoras en los pagos, hab\u00eda sido aprobada en el Senado el pasado 10 de junio y luego vetada en su totalidad por el Ejecutivo el 4 de agosto, seg\u00fan fue publicado en el Bolet\u00edn Oficial.<\/p>\n\n\n\n<p>Con 172 votos a favor, 73 en contra y 2 abstenciones, la oposici\u00f3n logr\u00f3 rechazar el veto presidencial. No obstante, para revertirlo de manera definitiva y convertir la norma en ley, ser\u00e1 necesario alcanzar los dos tercios de los votos en el Senado, ya que el Presidente no puede volver a vetar un proyecto que haya sido insistido por ambas c\u00e1maras del Congreso.<\/p>\n\n\n\n<p>En la previa de la votaci\u00f3n, el vocero presidencial, Manuel Adorni, public\u00f3 en su cuenta de X que \u201cel Gobierno Nacional est\u00e1 considerando un aumento en todas las prestaciones destinadas a personas con discapacidad\u201d. Y agreg\u00f3: \u201cEste aumento reforzar\u00eda la cobertura en todo el pa\u00eds ya que asegurar\u00eda un financiamiento m\u00e1s justo y acorde a la realidad actual\u201d.<\/p>\n\n\n\n<p>La pulseada legislativa en torno a la emergencia en discapacidad se da en un marco de creciente tensi\u00f3n entre el Gobierno y organizaciones vinculadas al sector, que vienen reclamando por mayores recursos, la continuidad de programas y el cumplimiento en tiempo y forma de los pagos de prestaciones.<\/p>\n","protected":false},"excerpt":{"rendered":"<p>La C\u00e1mara de Diputados de la Naci\u00f3n rechaz\u00f3 este mi\u00e9rcoles el veto total que el presidente Javier Milei hab\u00eda aplicado a la ley que declara la emergencia en discapacidad hasta diciembre de 2027.<\/p>\n","protected":false},"author":2,"featured_media":78134,"comment_status":"open","ping_status":"open","sticky":false,"template":"","format":"standard","meta":{"om_disable_all_campaigns":false,"_monsterinsights_skip_tracking":false,"_monsterinsights_sitenote_active":false,"_monsterinsights_sitenote_note":"","_monsterinsights_sitenote_category":0,"_uf_show_specific_survey":0,"_uf_disable_surveys":false,"jetpack_post_was_ever_published":false,"_jetpack_newsletter_access":"","_jetpack_dont_email_post_to_subs":false,"_jetpack_newsletter_tier_id":0,"_jetpack_memberships_contains_paywalled_content":false,"_jetpack_memberships_contains_paid_content":false,"footnotes":"","jetpack_publicize_message":"","jetpack_publicize_feature_enabled":true,"jetpack_social_post_already_shared":true,"jetpack_social_options":{"image_generator_settings":{"template":"highway","default_image_id":0,"font":"","enabled":false},"version":2}},"categories":[4,7],"tags":[817,1464],"class_list":["post-78133","post","type-post","status-publish","format-standard","has-post-thumbnail","hentry","category-destacadas","category-nacionales","tag-camara-de-diputados-de-la-nacion","tag-ley-de-emergencia-en-discapacidad"],"aioseo_notices":[],"views":15,"jetpack_publicize_connections":[],"jetpack_featured_media_url":"https:\/\/i0.wp.com\/elterritorialweb.com.ar\/web\/wp-content\/uploads\/2025\/08\/Screenshot_20250820_212255_Gallery.jpg?fit=1070%2C624&ssl=1","jetpack_sharing_enabled":true,"_links":{"self":[{"href":"https:\/\/elterritorialweb.com.ar\/web\/wp-json\/wp\/v2\/posts\/78133","targetHints":{"allow":["GET"]}}],"collection":[{"href":"https:\/\/elterritorialweb.com.ar\/web\/wp-json\/wp\/v2\/posts"}],"about":[{"href":"https:\/\/elterritorialweb.com.ar\/web\/wp-json\/wp\/v2\/types\/post"}],"author":[{"embeddable":true,"href":"https:\/\/elterritorialweb.com.ar\/web\/wp-json\/wp\/v2\/users\/2"}],"replies":[{"embeddable":true,"href":"https:\/\/elterritorialweb.com.ar\/web\/wp-json\/wp\/v2\/comments?post=78133"}],"version-history":[{"count":1,"href":"https:\/\/elterritorialweb.com.ar\/web\/wp-json\/wp\/v2\/posts\/78133\/revisions"}],"predecessor-version":[{"id":78135,"href":"https:\/\/elterritorialweb.com.ar\/web\/wp-json\/wp\/v2\/posts\/78133\/revisions\/78135"}],"wp:featuredmedia":[{"embeddable":true,"href":"https:\/\/elterritorialweb.com.ar\/web\/wp-json\/wp\/v2\/media\/78134"}],"wp:attachment":[{"href":"https:\/\/elterritorialweb.com.ar\/web\/wp-json\/wp\/v2\/media?parent=78133"}],"wp:term":[{"taxonomy":"category","embeddable":true,"href":"https:\/\/elterritorialweb.com.ar\/web\/wp-json\/wp\/v2\/categories?post=78133"},{"taxonomy":"post_tag","embeddable":true,"href":"https:\/\/elterritorialweb.com.ar\/web\/wp-json\/wp\/v2\/tags?post=78133"}],"curies":[{"name":"wp","href":"https:\/\/api.w.org\/{rel}","templated":true}]}}