{"id":78139,"date":"2025-08-21T00:33:25","date_gmt":"2025-08-21T00:33:25","guid":{"rendered":"https:\/\/elterritorialweb.com.ar\/web\/?p=78139"},"modified":"2025-08-21T00:33:27","modified_gmt":"2025-08-21T00:33:27","slug":"detienen-a-directivos-de-laboratorios-por-el-caso-de-las-96-muertes-por-fentanilo-contaminado","status":"publish","type":"post","link":"https:\/\/elterritorialweb.com.ar\/web\/detienen-a-directivos-de-laboratorios-por-el-caso-de-las-96-muertes-por-fentanilo-contaminado\/","title":{"rendered":"DETIENEN A DIRECTIVOS DE LABORATORIOS POR EL CASO DE LAS 96 MUERTES POR FENTANILO CONTAMINADO"},"content":{"rendered":"\n<p>La decisi\u00f3n del magistrado se conoci\u00f3 luego de los resultados del Cuerpo M\u00e9dico Forense, que analiz\u00f3 20 historias cl\u00ednicas de las v\u00edctimas. En 12 de los casos se determin\u00f3 que existi\u00f3 un \u201cnexo concausal\u201d entre el f\u00e1rmaco adulterado y el desenlace fatal de los pacientes.<\/p>\n\n\n\n<p>Adem\u00e1s de la orden de detenci\u00f3n contra Garc\u00eda Furfaro, el juez dispuso la captura de sus hermanos Diego y Dami\u00e1n Garc\u00eda, quienes ya fueron arrestados y tambi\u00e9n controlaban las operaciones de los laboratorios.<\/p>\n\n\n\n<p>La investigaci\u00f3n se ampli\u00f3 a otros integrantes de la c\u00fapula directiva: la madre del empresario y vicepresidenta de HLB Pharma, Nilda Furfaro; el director general de ambos laboratorios, Javier Tchukran; los directores t\u00e9cnicos de Ramallo, Carolina Ansaldi y V\u00edctor Boccaccio; y el director t\u00e9cnico de HLB, Jos\u00e9 Antonio Maiorano. Todos ellos ya fueron detenidos. Tambi\u00e9n quedaron bajo arresto el presidente de Ramallo, Horacio Tallarico, y su director suplente, Rodolfo Labrusciano.<\/p>\n\n\n\n<p>Los allanamientos fueron llevados adelante por la Gendarmer\u00eda Nacional y la Polic\u00eda de Seguridad Aeroportuaria, en el marco de la causa que conmociona al \u00e1mbito sanitario y judicial.<\/p>\n\n\n\n<p>Mientras tanto, Ariel Garc\u00eda Furfaro permanece pr\u00f3fugo, aunque sus allegados confirmaron que se encuentra camino a entregarse para ponerse a disposici\u00f3n de la Justicia.<\/p>\n","protected":false},"excerpt":{"rendered":"<p>El juez federal Ernesto Kreplak orden\u00f3 la detenci\u00f3n del empresario Ariel Garc\u00eda Furfaro, due\u00f1o de los laboratorios HLB Pharma y Ramallo S.A., en el marco de la causa que investiga las 96 muertes de pacientes por fentanilo contaminado. El empresario, que no fue hallado en su domicilio de la localidad bonaerense de Francisco \u00c1lvarez, eval\u00faa entregarse de manera voluntaria a la Justicia.<\/p>\n","protected":false},"author":2,"featured_media":78140,"comment_status":"open","ping_status":"open","sticky":false,"template":"","format":"standard","meta":{"om_disable_all_campaigns":false,"_monsterinsights_skip_tracking":false,"_monsterinsights_sitenote_active":false,"_monsterinsights_sitenote_note":"","_monsterinsights_sitenote_category":0,"_uf_show_specific_survey":0,"_uf_disable_surveys":false,"jetpack_post_was_ever_published":false,"_jetpack_newsletter_access":"","_jetpack_dont_email_post_to_subs":false,"_jetpack_newsletter_tier_id":0,"_jetpack_memberships_contains_paywalled_content":false,"_jetpack_memberships_contains_paid_content":false,"footnotes":"","jetpack_publicize_message":"","jetpack_publicize_feature_enabled":true,"jetpack_social_post_already_shared":true,"jetpack_social_options":{"image_generator_settings":{"template":"highway","default_image_id":0,"font":"","enabled":false},"version":2}},"categories":[4,7],"tags":[],"class_list":["post-78139","post","type-post","status-publish","format-standard","has-post-thumbnail","hentry","category-destacadas","category-nacionales"],"aioseo_notices":[],"views":22,"jetpack_publicize_connections":[],"jetpack_featured_media_url":"https:\/\/i0.wp.com\/elterritorialweb.com.ar\/web\/wp-content\/uploads\/2025\/08\/H5WLDCPUKZA3HIJQQCH4PZ3MCQ.jpg?fit=358%2C236&ssl=1","jetpack_sharing_enabled":true,"_links":{"self":[{"href":"https:\/\/elterritorialweb.com.ar\/web\/wp-json\/wp\/v2\/posts\/78139","targetHints":{"allow":["GET"]}}],"collection":[{"href":"https:\/\/elterritorialweb.com.ar\/web\/wp-json\/wp\/v2\/posts"}],"about":[{"href":"https:\/\/elterritorialweb.com.ar\/web\/wp-json\/wp\/v2\/types\/post"}],"author":[{"embeddable":true,"href":"https:\/\/elterritorialweb.com.ar\/web\/wp-json\/wp\/v2\/users\/2"}],"replies":[{"embeddable":true,"href":"https:\/\/elterritorialweb.com.ar\/web\/wp-json\/wp\/v2\/comments?post=78139"}],"version-history":[{"count":1,"href":"https:\/\/elterritorialweb.com.ar\/web\/wp-json\/wp\/v2\/posts\/78139\/revisions"}],"predecessor-version":[{"id":78141,"href":"https:\/\/elterritorialweb.com.ar\/web\/wp-json\/wp\/v2\/posts\/78139\/revisions\/78141"}],"wp:featuredmedia":[{"embeddable":true,"href":"https:\/\/elterritorialweb.com.ar\/web\/wp-json\/wp\/v2\/media\/78140"}],"wp:attachment":[{"href":"https:\/\/elterritorialweb.com.ar\/web\/wp-json\/wp\/v2\/media?parent=78139"}],"wp:term":[{"taxonomy":"category","embeddable":true,"href":"https:\/\/elterritorialweb.com.ar\/web\/wp-json\/wp\/v2\/categories?post=78139"},{"taxonomy":"post_tag","embeddable":true,"href":"https:\/\/elterritorialweb.com.ar\/web\/wp-json\/wp\/v2\/tags?post=78139"}],"curies":[{"name":"wp","href":"https:\/\/api.w.org\/{rel}","templated":true}]}}