{"id":78142,"date":"2025-08-21T00:48:24","date_gmt":"2025-08-21T00:48:24","guid":{"rendered":"https:\/\/elterritorialweb.com.ar\/web\/?p=78142"},"modified":"2025-08-21T00:48:26","modified_gmt":"2025-08-21T00:48:26","slug":"ordenan-la-detencion-de-ariel-garcia-furfaro-propietario-de-hlb-pharma","status":"publish","type":"post","link":"https:\/\/elterritorialweb.com.ar\/web\/ordenan-la-detencion-de-ariel-garcia-furfaro-propietario-de-hlb-pharma\/","title":{"rendered":"ORDENAN LA DETENCI\u00d3N DE ARIEL GARC\u00cdA FURFARO PROPIETARIO DE HLB PHARMA"},"content":{"rendered":"\n<p>Este mi\u00e9rcoles, el juez federal Ernesto Kreplak orden\u00f3 la detenci\u00f3n de Ariel Garc\u00eda Furfaro, propietario del laboratorio HLB Pharma, principal imputado en la causa que investiga el fentanilo contaminado, vinculado a m\u00e1s de 90 muertes en distintos hospitales del pa\u00eds. Las v\u00edctimas habr\u00edan sido afectadas por la presencia de las bacterias Klebsiella pneumoniae y Ralstonia pickettii.<\/p>\n\n\n\n<p>Actualmente, 24 personas est\u00e1n bajo investigaci\u00f3n por presuntas irregularidades en la producci\u00f3n y distribuci\u00f3n del analg\u00e9sico. Los lotes 31.202 y 31.244, identificados como contaminados, fueron elaborados en 2024 por Ramallo S.A., empresa que operaba en conjunto con HLB Pharma, mientras que la distribuci\u00f3n estaba a cargo de la madre de Garc\u00eda Furfaro a trav\u00e9s de la droguer\u00eda Alfarma.<\/p>\n\n\n\n<p>La orden de detenci\u00f3n tambi\u00e9n alcanz\u00f3 a familiares y ejecutivos vinculados al empresario. Adem\u00e1s, la medida judicial incluy\u00f3 diez allanamientos simult\u00e1neos, realizados por la Polic\u00eda de Seguridad Aeroportuaria (PSA) y la Gendarmer\u00eda Nacional Argentina (GNA), en el marco de la investigaci\u00f3n federal que busca esclarecer las responsabilidades por la tragedia.<\/p>\n","protected":false},"excerpt":{"rendered":"<p>A partir de las irregularidades detectadas en las pericias, junto a los testimonios, el juez de la causa, Ernesto Kreplak, orden\u00f3 su detenci\u00f3n.<\/p>\n","protected":false},"author":2,"featured_media":78143,"comment_status":"open","ping_status":"open","sticky":false,"template":"","format":"standard","meta":{"om_disable_all_campaigns":false,"_monsterinsights_skip_tracking":false,"_monsterinsights_sitenote_active":false,"_monsterinsights_sitenote_note":"","_monsterinsights_sitenote_category":0,"_uf_show_specific_survey":0,"_uf_disable_surveys":false,"jetpack_post_was_ever_published":false,"_jetpack_newsletter_access":"","_jetpack_dont_email_post_to_subs":false,"_jetpack_newsletter_tier_id":0,"_jetpack_memberships_contains_paywalled_content":false,"_jetpack_memberships_contains_paid_content":false,"footnotes":"","jetpack_publicize_message":"","jetpack_publicize_feature_enabled":true,"jetpack_social_post_already_shared":true,"jetpack_social_options":{"image_generator_settings":{"template":"highway","default_image_id":0,"font":"","enabled":false},"version":2}},"categories":[4,7],"tags":[],"class_list":["post-78142","post","type-post","status-publish","format-standard","has-post-thumbnail","hentry","category-destacadas","category-nacionales"],"aioseo_notices":[],"views":11,"jetpack_publicize_connections":[],"jetpack_featured_media_url":"https:\/\/i0.wp.com\/elterritorialweb.com.ar\/web\/wp-content\/uploads\/2025\/08\/20250820_214656.jpg?fit=726%2C424&ssl=1","jetpack_sharing_enabled":true,"_links":{"self":[{"href":"https:\/\/elterritorialweb.com.ar\/web\/wp-json\/wp\/v2\/posts\/78142","targetHints":{"allow":["GET"]}}],"collection":[{"href":"https:\/\/elterritorialweb.com.ar\/web\/wp-json\/wp\/v2\/posts"}],"about":[{"href":"https:\/\/elterritorialweb.com.ar\/web\/wp-json\/wp\/v2\/types\/post"}],"author":[{"embeddable":true,"href":"https:\/\/elterritorialweb.com.ar\/web\/wp-json\/wp\/v2\/users\/2"}],"replies":[{"embeddable":true,"href":"https:\/\/elterritorialweb.com.ar\/web\/wp-json\/wp\/v2\/comments?post=78142"}],"version-history":[{"count":1,"href":"https:\/\/elterritorialweb.com.ar\/web\/wp-json\/wp\/v2\/posts\/78142\/revisions"}],"predecessor-version":[{"id":78144,"href":"https:\/\/elterritorialweb.com.ar\/web\/wp-json\/wp\/v2\/posts\/78142\/revisions\/78144"}],"wp:featuredmedia":[{"embeddable":true,"href":"https:\/\/elterritorialweb.com.ar\/web\/wp-json\/wp\/v2\/media\/78143"}],"wp:attachment":[{"href":"https:\/\/elterritorialweb.com.ar\/web\/wp-json\/wp\/v2\/media?parent=78142"}],"wp:term":[{"taxonomy":"category","embeddable":true,"href":"https:\/\/elterritorialweb.com.ar\/web\/wp-json\/wp\/v2\/categories?post=78142"},{"taxonomy":"post_tag","embeddable":true,"href":"https:\/\/elterritorialweb.com.ar\/web\/wp-json\/wp\/v2\/tags?post=78142"}],"curies":[{"name":"wp","href":"https:\/\/api.w.org\/{rel}","templated":true}]}}