{"id":78212,"date":"2025-08-22T23:09:09","date_gmt":"2025-08-22T23:09:09","guid":{"rendered":"https:\/\/elterritorialweb.com.ar\/web\/?p=78212"},"modified":"2025-08-22T23:09:11","modified_gmt":"2025-08-22T23:09:11","slug":"zamora-inauguro-en-la-canada-un-hospital-distrital-junto-con-otras-obras-y-entrega-de-viviendas-sociales","status":"publish","type":"post","link":"https:\/\/elterritorialweb.com.ar\/web\/zamora-inauguro-en-la-canada-un-hospital-distrital-junto-con-otras-obras-y-entrega-de-viviendas-sociales\/","title":{"rendered":"ZAMORA INAUGUR\u00d3 EN LA CA\u00d1ADA UN HOSPITAL DISTRITAL, JUNTO CON OTRAS OBRAS Y ENTREGA DE VIVIENDAS SOCIALES"},"content":{"rendered":"\n<p>El establecimiento, totalmente equipado, fue recategorizado mediante resoluci\u00f3n del Ministerio de Salud, lo que le otorga mayor capacidad y complejidad en sus servicios.<\/p>\n\n\n\n<p>En el mismo acto se concret\u00f3 la entrega de seis viviendas sociales, la habilitaci\u00f3n de un camino enripiado de 21 kil\u00f3metros entre La Ca\u00f1ada y Maderas, y la puesta en marcha de un tendido el\u00e9ctrico que beneficia a pobladores de los parajes La Candelaria, Pozo Cavado y Tres Cha\u00f1ares.<\/p>\n\n\n\n<figure class=\"wp-block-image size-large\"><a href=\"https:\/\/i0.wp.com\/elterritorialweb.com.ar\/web\/wp-content\/uploads\/2025\/08\/IMG-20250822-WA0038-scaled.jpg\"><img data-recalc-dims=\"1\" decoding=\"async\" width=\"640\" height=\"427\" data-src=\"https:\/\/i0.wp.com\/elterritorialweb.com.ar\/web\/wp-content\/uploads\/2025\/08\/IMG-20250822-WA0038.jpg?resize=640%2C427\" alt=\"\" class=\"wp-image-78214 lazyload\" data-srcset=\"https:\/\/i0.wp.com\/elterritorialweb.com.ar\/web\/wp-content\/uploads\/2025\/08\/IMG-20250822-WA0038-scaled.jpg?resize=1024%2C683&amp;ssl=1 1024w, https:\/\/i0.wp.com\/elterritorialweb.com.ar\/web\/wp-content\/uploads\/2025\/08\/IMG-20250822-WA0038-scaled.jpg?resize=300%2C200&amp;ssl=1 300w, https:\/\/i0.wp.com\/elterritorialweb.com.ar\/web\/wp-content\/uploads\/2025\/08\/IMG-20250822-WA0038-scaled.jpg?resize=768%2C512&amp;ssl=1 768w, https:\/\/i0.wp.com\/elterritorialweb.com.ar\/web\/wp-content\/uploads\/2025\/08\/IMG-20250822-WA0038-scaled.jpg?resize=1536%2C1024&amp;ssl=1 1536w, https:\/\/i0.wp.com\/elterritorialweb.com.ar\/web\/wp-content\/uploads\/2025\/08\/IMG-20250822-WA0038-scaled.jpg?resize=2048%2C1365&amp;ssl=1 2048w, https:\/\/i0.wp.com\/elterritorialweb.com.ar\/web\/wp-content\/uploads\/2025\/08\/IMG-20250822-WA0038-scaled.jpg?w=1280 1280w, https:\/\/i0.wp.com\/elterritorialweb.com.ar\/web\/wp-content\/uploads\/2025\/08\/IMG-20250822-WA0038-scaled.jpg?w=1920 1920w\" data-sizes=\"(max-width: 640px) 100vw, 640px\" src=\"data:image\/svg+xml;base64,PHN2ZyB3aWR0aD0iMSIgaGVpZ2h0PSIxIiB4bWxucz0iaHR0cDovL3d3dy53My5vcmcvMjAwMC9zdmciPjwvc3ZnPg==\" style=\"--smush-placeholder-width: 640px; --smush-placeholder-aspect-ratio: 640\/427;\" \/><\/a><\/figure>\n\n\n\n<p>Las viviendas fueron construidas con fondos provinciales a trav\u00e9s de la Comisi\u00f3n Municipal de La Ca\u00f1ada, en conjunto con las asociaciones civiles Reflejos Ca\u00f1adenses y Club Atl\u00e9tico Mitre de La Ca\u00f1ada.<\/p>\n\n\n\n<p>De las actividades participaron el vicegobernador Carlos Silva Neder; los ministros de Salud, Natividad Nassif; de Desarrollo Social, \u00c1ngel Niccolai; y de Obras P\u00fablicas, Aldo Hid; adem\u00e1s del secretario de Obras P\u00fablicas, Jorge Zua\u00edn; el secretario de Salud, Gustavo Salbaza, entre otras autoridades. La comitiva fue recibida por el comisionado municipal Cristian Abiakel.<\/p>\n\n\n\n<figure class=\"wp-block-image size-large\"><a href=\"https:\/\/i0.wp.com\/elterritorialweb.com.ar\/web\/wp-content\/uploads\/2025\/08\/IMG-20250822-WA0044-scaled.jpg\"><img data-recalc-dims=\"1\" decoding=\"async\" width=\"640\" height=\"427\" data-src=\"https:\/\/i0.wp.com\/elterritorialweb.com.ar\/web\/wp-content\/uploads\/2025\/08\/IMG-20250822-WA0044.jpg?resize=640%2C427\" alt=\"\" class=\"wp-image-78217 lazyload\" data-srcset=\"https:\/\/i0.wp.com\/elterritorialweb.com.ar\/web\/wp-content\/uploads\/2025\/08\/IMG-20250822-WA0044-scaled.jpg?resize=1024%2C683&amp;ssl=1 1024w, https:\/\/i0.wp.com\/elterritorialweb.com.ar\/web\/wp-content\/uploads\/2025\/08\/IMG-20250822-WA0044-scaled.jpg?resize=300%2C200&amp;ssl=1 300w, https:\/\/i0.wp.com\/elterritorialweb.com.ar\/web\/wp-content\/uploads\/2025\/08\/IMG-20250822-WA0044-scaled.jpg?resize=768%2C512&amp;ssl=1 768w, https:\/\/i0.wp.com\/elterritorialweb.com.ar\/web\/wp-content\/uploads\/2025\/08\/IMG-20250822-WA0044-scaled.jpg?resize=1536%2C1024&amp;ssl=1 1536w, https:\/\/i0.wp.com\/elterritorialweb.com.ar\/web\/wp-content\/uploads\/2025\/08\/IMG-20250822-WA0044-scaled.jpg?resize=2048%2C1365&amp;ssl=1 2048w, https:\/\/i0.wp.com\/elterritorialweb.com.ar\/web\/wp-content\/uploads\/2025\/08\/IMG-20250822-WA0044-scaled.jpg?w=1280 1280w, https:\/\/i0.wp.com\/elterritorialweb.com.ar\/web\/wp-content\/uploads\/2025\/08\/IMG-20250822-WA0044-scaled.jpg?w=1920 1920w\" data-sizes=\"(max-width: 640px) 100vw, 640px\" src=\"data:image\/svg+xml;base64,PHN2ZyB3aWR0aD0iMSIgaGVpZ2h0PSIxIiB4bWxucz0iaHR0cDovL3d3dy53My5vcmcvMjAwMC9zdmciPjwvc3ZnPg==\" style=\"--smush-placeholder-width: 640px; --smush-placeholder-aspect-ratio: 640\/427;\" \/><\/a><\/figure>\n\n\n\n<p>El recorrido inici\u00f3 con la entrega simb\u00f3lica de llaves de las viviendas sociales en la casa de la vecina Malena Carabajal. Luego, las autoridades se trasladaron al Hospital Distrital, donde el director Santiago \u00c1balos Mussi mostr\u00f3 las instalaciones y equipamientos destinados a mejorar la atenci\u00f3n de los pacientes.<\/p>\n\n\n\n<p>El centro de salud atiende diariamente a un promedio de 70 personas provenientes de localidades como Tres Cha\u00f1ares, Yacurmana, La Candelaria, Pozo Cavado, Remansito, La Ramada, La Esperanza, La Tapa, Las Libranzas, Km 613, Km 606, Rodeana, Madera y Villa Figueroa. Entre los servicios que ofrece se destacan odontolog\u00eda, obstetricia, ecograf\u00eda, ginecolog\u00eda, rayos X, laboratorio, internaci\u00f3n, farmacia, vacunatorio y salas de uso m\u00faltiple.<\/p>\n\n\n\n<figure class=\"wp-block-image size-large\"><a href=\"https:\/\/i0.wp.com\/elterritorialweb.com.ar\/web\/wp-content\/uploads\/2025\/08\/IMG-20250822-WA0042-scaled.jpg\"><img data-recalc-dims=\"1\" decoding=\"async\" width=\"640\" height=\"480\" data-src=\"https:\/\/i0.wp.com\/elterritorialweb.com.ar\/web\/wp-content\/uploads\/2025\/08\/IMG-20250822-WA0042.jpg?resize=640%2C480\" alt=\"\" class=\"wp-image-78215 lazyload\" data-srcset=\"https:\/\/i0.wp.com\/elterritorialweb.com.ar\/web\/wp-content\/uploads\/2025\/08\/IMG-20250822-WA0042-scaled.jpg?resize=1024%2C768&amp;ssl=1 1024w, https:\/\/i0.wp.com\/elterritorialweb.com.ar\/web\/wp-content\/uploads\/2025\/08\/IMG-20250822-WA0042-scaled.jpg?resize=300%2C225&amp;ssl=1 300w, https:\/\/i0.wp.com\/elterritorialweb.com.ar\/web\/wp-content\/uploads\/2025\/08\/IMG-20250822-WA0042-scaled.jpg?resize=768%2C576&amp;ssl=1 768w, https:\/\/i0.wp.com\/elterritorialweb.com.ar\/web\/wp-content\/uploads\/2025\/08\/IMG-20250822-WA0042-scaled.jpg?resize=1536%2C1152&amp;ssl=1 1536w, https:\/\/i0.wp.com\/elterritorialweb.com.ar\/web\/wp-content\/uploads\/2025\/08\/IMG-20250822-WA0042-scaled.jpg?resize=2048%2C1536&amp;ssl=1 2048w, https:\/\/i0.wp.com\/elterritorialweb.com.ar\/web\/wp-content\/uploads\/2025\/08\/IMG-20250822-WA0042-scaled.jpg?w=1280 1280w, https:\/\/i0.wp.com\/elterritorialweb.com.ar\/web\/wp-content\/uploads\/2025\/08\/IMG-20250822-WA0042-scaled.jpg?w=1920 1920w\" data-sizes=\"(max-width: 640px) 100vw, 640px\" src=\"data:image\/svg+xml;base64,PHN2ZyB3aWR0aD0iMSIgaGVpZ2h0PSIxIiB4bWxucz0iaHR0cDovL3d3dy53My5vcmcvMjAwMC9zdmciPjwvc3ZnPg==\" style=\"--smush-placeholder-width: 640px; --smush-placeholder-aspect-ratio: 640\/480;\" \/><\/a><\/figure>\n\n\n\n<p>Tras la invocaci\u00f3n religiosa realizada por el sacerdote Vicente Avellaneda, de la parroquia Nuestra Se\u00f1ora del Rosario de Fern\u00e1ndez, el gobernador Zamora resalt\u00f3 la importancia de seguir invirtiendo en salud y educaci\u00f3n como ejes de movilidad social.<\/p>\n\n\n\n<p>\u201cVamos a seguir trabajando para los j\u00f3venes, pedimos disculpas por los errores que podamos cometer, queremos que todos los santiague\u00f1os tengan igualdad de condiciones\u201d, expres\u00f3. Tambi\u00e9n valor\u00f3 el compromiso de los docentes y profesionales de la salud, y ratific\u00f3 la continuidad del programa de viviendas sociales.<\/p>\n\n\n\n<figure class=\"wp-block-image size-large\"><a href=\"https:\/\/i0.wp.com\/elterritorialweb.com.ar\/web\/wp-content\/uploads\/2025\/08\/IMG-20250822-WA0046-scaled.jpg\"><img data-recalc-dims=\"1\" decoding=\"async\" width=\"640\" height=\"427\" data-src=\"https:\/\/i0.wp.com\/elterritorialweb.com.ar\/web\/wp-content\/uploads\/2025\/08\/IMG-20250822-WA0046.jpg?resize=640%2C427\" alt=\"\" class=\"wp-image-78216 lazyload\" data-srcset=\"https:\/\/i0.wp.com\/elterritorialweb.com.ar\/web\/wp-content\/uploads\/2025\/08\/IMG-20250822-WA0046-scaled.jpg?resize=1024%2C683&amp;ssl=1 1024w, https:\/\/i0.wp.com\/elterritorialweb.com.ar\/web\/wp-content\/uploads\/2025\/08\/IMG-20250822-WA0046-scaled.jpg?resize=300%2C200&amp;ssl=1 300w, https:\/\/i0.wp.com\/elterritorialweb.com.ar\/web\/wp-content\/uploads\/2025\/08\/IMG-20250822-WA0046-scaled.jpg?resize=768%2C512&amp;ssl=1 768w, https:\/\/i0.wp.com\/elterritorialweb.com.ar\/web\/wp-content\/uploads\/2025\/08\/IMG-20250822-WA0046-scaled.jpg?resize=1536%2C1024&amp;ssl=1 1536w, https:\/\/i0.wp.com\/elterritorialweb.com.ar\/web\/wp-content\/uploads\/2025\/08\/IMG-20250822-WA0046-scaled.jpg?resize=2048%2C1365&amp;ssl=1 2048w, https:\/\/i0.wp.com\/elterritorialweb.com.ar\/web\/wp-content\/uploads\/2025\/08\/IMG-20250822-WA0046-scaled.jpg?w=1280 1280w, https:\/\/i0.wp.com\/elterritorialweb.com.ar\/web\/wp-content\/uploads\/2025\/08\/IMG-20250822-WA0046-scaled.jpg?w=1920 1920w\" data-sizes=\"(max-width: 640px) 100vw, 640px\" src=\"data:image\/svg+xml;base64,PHN2ZyB3aWR0aD0iMSIgaGVpZ2h0PSIxIiB4bWxucz0iaHR0cDovL3d3dy53My5vcmcvMjAwMC9zdmciPjwvc3ZnPg==\" style=\"--smush-placeholder-width: 640px; --smush-placeholder-aspect-ratio: 640\/427;\" \/><\/a><\/figure>\n\n\n\n<p>En este sentido, record\u00f3 que ya se entregaron m\u00e1s de 32.000 unidades habitacionales en toda la provincia y se encuentran en construcci\u00f3n miles m\u00e1s. \u201cNuestro objetivo es que ninguna familia santiague\u00f1a se quede sin su techo digno\u201d, afirm\u00f3.<\/p>\n","protected":false},"excerpt":{"rendered":"<p>El gobernador Gerardo Zamora, acompa\u00f1ado por el jefe de Gabinete, El\u00edas Su\u00e1rez, encabez\u00f3 este viernes la inauguraci\u00f3n del nuevo edificio del Hospital Distrital de La Ca\u00f1ada, cabecera del departamento Figueroa. <\/p>\n","protected":false},"author":2,"featured_media":78213,"comment_status":"open","ping_status":"open","sticky":false,"template":"","format":"standard","meta":{"om_disable_all_campaigns":false,"_monsterinsights_skip_tracking":false,"_monsterinsights_sitenote_active":false,"_monsterinsights_sitenote_note":"","_monsterinsights_sitenote_category":0,"_uf_show_specific_survey":0,"_uf_disable_surveys":false,"jetpack_post_was_ever_published":false,"_jetpack_newsletter_access":"","_jetpack_dont_email_post_to_subs":false,"_jetpack_newsletter_tier_id":0,"_jetpack_memberships_contains_paywalled_content":false,"_jetpack_memberships_contains_paid_content":false,"footnotes":"","jetpack_publicize_message":"","jetpack_publicize_feature_enabled":true,"jetpack_social_post_already_shared":true,"jetpack_social_options":{"image_generator_settings":{"template":"highway","default_image_id":0,"font":"","enabled":false},"version":2}},"categories":[4,21],"tags":[59,1467,808],"class_list":["post-78212","post","type-post","status-publish","format-standard","has-post-thumbnail","hentry","category-destacadas","category-locales","tag-gerardo-zamora","tag-la-canada","tag-obras-publicas"],"aioseo_notices":[],"views":19,"jetpack_publicize_connections":[],"jetpack_featured_media_url":"https:\/\/i0.wp.com\/elterritorialweb.com.ar\/web\/wp-content\/uploads\/2025\/08\/IMG-20250822-WA0040-scaled.jpg?fit=2560%2C1706&ssl=1","jetpack_sharing_enabled":true,"_links":{"self":[{"href":"https:\/\/elterritorialweb.com.ar\/web\/wp-json\/wp\/v2\/posts\/78212","targetHints":{"allow":["GET"]}}],"collection":[{"href":"https:\/\/elterritorialweb.com.ar\/web\/wp-json\/wp\/v2\/posts"}],"about":[{"href":"https:\/\/elterritorialweb.com.ar\/web\/wp-json\/wp\/v2\/types\/post"}],"author":[{"embeddable":true,"href":"https:\/\/elterritorialweb.com.ar\/web\/wp-json\/wp\/v2\/users\/2"}],"replies":[{"embeddable":true,"href":"https:\/\/elterritorialweb.com.ar\/web\/wp-json\/wp\/v2\/comments?post=78212"}],"version-history":[{"count":1,"href":"https:\/\/elterritorialweb.com.ar\/web\/wp-json\/wp\/v2\/posts\/78212\/revisions"}],"predecessor-version":[{"id":78218,"href":"https:\/\/elterritorialweb.com.ar\/web\/wp-json\/wp\/v2\/posts\/78212\/revisions\/78218"}],"wp:featuredmedia":[{"embeddable":true,"href":"https:\/\/elterritorialweb.com.ar\/web\/wp-json\/wp\/v2\/media\/78213"}],"wp:attachment":[{"href":"https:\/\/elterritorialweb.com.ar\/web\/wp-json\/wp\/v2\/media?parent=78212"}],"wp:term":[{"taxonomy":"category","embeddable":true,"href":"https:\/\/elterritorialweb.com.ar\/web\/wp-json\/wp\/v2\/categories?post=78212"},{"taxonomy":"post_tag","embeddable":true,"href":"https:\/\/elterritorialweb.com.ar\/web\/wp-json\/wp\/v2\/tags?post=78212"}],"curies":[{"name":"wp","href":"https:\/\/api.w.org\/{rel}","templated":true}]}}