{"id":78219,"date":"2025-08-22T23:30:43","date_gmt":"2025-08-22T23:30:43","guid":{"rendered":"https:\/\/elterritorialweb.com.ar\/web\/?p=78219"},"modified":"2025-08-22T23:30:45","modified_gmt":"2025-08-22T23:30:45","slug":"ofrecen-cargos-y-horas-catedra-en-todos-los-niveles-para-docentes-santiaguenos","status":"publish","type":"post","link":"https:\/\/elterritorialweb.com.ar\/web\/ofrecen-cargos-y-horas-catedra-en-todos-los-niveles-para-docentes-santiaguenos\/","title":{"rendered":"OFRECEN CARGOS Y HORAS C\u00c1TEDRA EN TODOS LOS NIVELES PARA DOCENTES SANTIAGUE\u00d1OS"},"content":{"rendered":"\n<p>El Consejo General de Educaci\u00f3n (CGE), a trav\u00e9s de las Direcciones Generales de Nivel Inicial, Primario, Secundario, Superior y Modalidades Educativas, comunic\u00f3 que a partir de las 00 horas del s\u00e1bado 23 y hasta las 23:59 del domingo 24 de agosto de 2025, se llevar\u00e1 a cabo el ofrecimiento de cargos y horas c\u00e1tedra titulares y suplentes por necesidad de servicio.<\/p>\n\n\n\n<p>El procedimiento se realizar\u00e1 de manera online mediante el sistema \u201cConsejo Virtual\u201d, al que se accede a trav\u00e9s del Portal Oficial del CGE: www.cgesantiago.gob.ar, en la secci\u00f3n \u201cConsejo Virtual\u201d.<\/p>\n\n\n\n<p>Los ofrecimientos se concretar\u00e1n conforme al Listado de Orden de M\u00e9rito (LOM 2025) y a las pautas establecidas en la Resoluci\u00f3n N\u00b0 1857\/2025 del Consejo General de Educaci\u00f3n.<\/p>\n\n\n\n<p><strong>NIVELES Y ESCUELAS INCLUIDAS<\/strong><\/p>\n\n\n\n<p>Nivel Inicial: jardines de infantes en Santa Cruz (Copo), Termas de R\u00edo Hondo, Melero (J. F. Ibarra) y Mal Paso (Capital).<\/p>\n\n\n\n<p>Nivel Primario: incluye establecimientos en Bandera, Yuch\u00e1n, Los Juries, Santa Luc\u00eda, Estaci\u00f3n Taca\u00f1itas, Fern\u00e1ndez, Weisburd, Suncho Corral, La Banda, Los N\u00fa\u00f1ez, Puestito (San Mart\u00edn), Sumampa, Donadeu, San Pedro, Capital y La Aurora, entre otros.<\/p>\n\n\n\n<p>Nivel Secundario: se destacan el Colegio Secundario \u201cFray Jos\u00e9 Genesio Baldan\u201d (Monte Quemado), Colegio de Tintina, Escuela T\u00e9cnica N\u00b0 5 \u201cRam\u00f3n Carrillo\u201d (Fr\u00edas), Agrupamiento de Loreto, Colegio Agrot\u00e9cnico de San Pedro, Colegio Secundario \u201c2 de Abril\u201d (Capital), Colegio \u201c27 de Abril\u201d (R\u00edo Hondo), Fundaci\u00f3n Cultural \u201cLa Brasa\u201d (Capital) y la Escuela de Comercio \u201cGral. Jos\u00e9 de San Mart\u00edn\u201d (La Banda).<\/p>\n\n\n\n<p>Nivel Superior: IFD N\u00b0 23 (Tintina), ISET N\u00b0 2 (Capital) y la Escuela Normal de Santiago del Estero.<\/p>\n\n\n\n<p>Modalidades Educativas: Escuela de Formaci\u00f3n Profesional y Capacitaci\u00f3n Laboral N\u00b0 6 (Suncho Corral), N\u00b0 5 y N\u00b0 33 (Capital).<\/p>\n\n\n\n<p>El CGE record\u00f3 a los docentes interesados que el proceso se realizar\u00e1 \u00fanicamente de manera virtual, respetando los cronogramas y normativas vigentes.<\/p>\n","protected":false},"excerpt":{"rendered":"<p>El Consejo General de Educaci\u00f3n (CGE), a trav\u00e9s de las Direcciones Generales de Nivel Inicial, Primario, Secundario, Superior y Modalidades Educativas, comunic\u00f3 que a partir de las 00 horas del s\u00e1bado 23 y hasta las 23:59 del domingo 24 de agosto de 2025, se llevar\u00e1 a cabo el ofrecimiento de cargos y horas c\u00e1tedra titulares y suplentes por necesidad de servicio.<\/p>\n","protected":false},"author":2,"featured_media":78220,"comment_status":"open","ping_status":"open","sticky":false,"template":"","format":"standard","meta":{"om_disable_all_campaigns":false,"_monsterinsights_skip_tracking":false,"_monsterinsights_sitenote_active":false,"_monsterinsights_sitenote_note":"","_monsterinsights_sitenote_category":0,"_uf_show_specific_survey":0,"_uf_disable_surveys":false,"jetpack_post_was_ever_published":false,"_jetpack_newsletter_access":"","_jetpack_dont_email_post_to_subs":false,"_jetpack_newsletter_tier_id":0,"_jetpack_memberships_contains_paywalled_content":false,"_jetpack_memberships_contains_paid_content":false,"footnotes":"","jetpack_publicize_message":"","jetpack_publicize_feature_enabled":true,"jetpack_social_post_already_shared":true,"jetpack_social_options":{"image_generator_settings":{"template":"highway","default_image_id":0,"font":"","enabled":false},"version":2}},"categories":[4,19],"tags":[212,620],"class_list":["post-78219","post","type-post","status-publish","format-standard","has-post-thumbnail","hentry","category-destacadas","category-educacion","tag-consejo-general-de-educacion","tag-ofrecimiento-de-cargos-docentes"],"aioseo_notices":[],"views":24,"jetpack_publicize_connections":[],"jetpack_featured_media_url":"https:\/\/i0.wp.com\/elterritorialweb.com.ar\/web\/wp-content\/uploads\/2025\/08\/Screenshot_20250822_202832_Chrome.jpg?fit=953%2C745&ssl=1","jetpack_sharing_enabled":true,"_links":{"self":[{"href":"https:\/\/elterritorialweb.com.ar\/web\/wp-json\/wp\/v2\/posts\/78219","targetHints":{"allow":["GET"]}}],"collection":[{"href":"https:\/\/elterritorialweb.com.ar\/web\/wp-json\/wp\/v2\/posts"}],"about":[{"href":"https:\/\/elterritorialweb.com.ar\/web\/wp-json\/wp\/v2\/types\/post"}],"author":[{"embeddable":true,"href":"https:\/\/elterritorialweb.com.ar\/web\/wp-json\/wp\/v2\/users\/2"}],"replies":[{"embeddable":true,"href":"https:\/\/elterritorialweb.com.ar\/web\/wp-json\/wp\/v2\/comments?post=78219"}],"version-history":[{"count":1,"href":"https:\/\/elterritorialweb.com.ar\/web\/wp-json\/wp\/v2\/posts\/78219\/revisions"}],"predecessor-version":[{"id":78221,"href":"https:\/\/elterritorialweb.com.ar\/web\/wp-json\/wp\/v2\/posts\/78219\/revisions\/78221"}],"wp:featuredmedia":[{"embeddable":true,"href":"https:\/\/elterritorialweb.com.ar\/web\/wp-json\/wp\/v2\/media\/78220"}],"wp:attachment":[{"href":"https:\/\/elterritorialweb.com.ar\/web\/wp-json\/wp\/v2\/media?parent=78219"}],"wp:term":[{"taxonomy":"category","embeddable":true,"href":"https:\/\/elterritorialweb.com.ar\/web\/wp-json\/wp\/v2\/categories?post=78219"},{"taxonomy":"post_tag","embeddable":true,"href":"https:\/\/elterritorialweb.com.ar\/web\/wp-json\/wp\/v2\/tags?post=78219"}],"curies":[{"name":"wp","href":"https:\/\/api.w.org\/{rel}","templated":true}]}}