{"id":78222,"date":"2025-08-23T01:47:04","date_gmt":"2025-08-23T01:47:04","guid":{"rendered":"https:\/\/elterritorialweb.com.ar\/web\/?p=78222"},"modified":"2025-08-23T01:47:06","modified_gmt":"2025-08-23T01:47:06","slug":"piti-fernandez-se-presentara-en-cayo-coco-el-11-de-septiembre","status":"publish","type":"post","link":"https:\/\/elterritorialweb.com.ar\/web\/piti-fernandez-se-presentara-en-cayo-coco-el-11-de-septiembre\/","title":{"rendered":"PITI FERN\u00c1NDEZ SE PRESENTAR\u00c1 EN CAYO COCO EL 11 DE SEPTIEMBRE"},"content":{"rendered":"\n<p>La presentaci\u00f3n forma parte de su gira solista, en la que repasa canciones de su carrera individual y reversiona cl\u00e1sicos de la banda que lo llev\u00f3 al reconocimiento masivo. El espect\u00e1culo promete una velada \u00edntima y potente, con letras profundas y un recorrido sonoro que fusiona rock, folclore y canci\u00f3n urbana.<\/p>\n\n\n\n<p>Las entradas anticipadas ya se encuentran disponibles a trav\u00e9s de la plataforma <a href=\"https:\/\/www.paseshow.com.ar\/eventos\/piti-fernandez-santiago-del-estero-11-septiembre\" title=\"Paseshow.com.ar\"><strong>Paseshow.com.ar<\/strong><\/a>, y se espera una gran convocatoria de fan\u00e1ticos santiague\u00f1os, quienes cada a\u00f1o acompa\u00f1an fielmente al artista desde que inici\u00f3 su etapa solista en 2022.<\/p>\n\n\n\n<p>El recital en Santiago forma parte del tour por el norte del pa\u00eds, que tambi\u00e9n incluir\u00e1 presentaciones en Salta, Tucum\u00e1n y La Rioja, consolidando as\u00ed una agenda de conciertos muy esperada por sus seguidores en la regi\u00f3n.<\/p>\n","protected":false},"excerpt":{"rendered":"<p>El reconocido cantante Piti Fern\u00e1ndez, l\u00edder de la banda Las Pastillas del Abuelo, confirm\u00f3 su regreso a Santiago del Estero con un show exclusivo que se realizar\u00e1 el pr\u00f3ximo jueves 11 de septiembre en el espacio cultural Cayo Coco.<\/p>\n","protected":false},"author":2,"featured_media":78223,"comment_status":"open","ping_status":"open","sticky":false,"template":"","format":"standard","meta":{"om_disable_all_campaigns":false,"_monsterinsights_skip_tracking":false,"_monsterinsights_sitenote_active":false,"_monsterinsights_sitenote_note":"","_monsterinsights_sitenote_category":0,"_uf_show_specific_survey":0,"_uf_disable_surveys":false,"jetpack_post_was_ever_published":false,"_jetpack_newsletter_access":"","_jetpack_dont_email_post_to_subs":false,"_jetpack_newsletter_tier_id":0,"_jetpack_memberships_contains_paywalled_content":false,"_jetpack_memberships_contains_paid_content":false,"footnotes":"","jetpack_publicize_message":"","jetpack_publicize_feature_enabled":true,"jetpack_social_post_already_shared":true,"jetpack_social_options":{"image_generator_settings":{"template":"highway","default_image_id":0,"font":"","enabled":false},"version":2}},"categories":[4,20],"tags":[1469],"class_list":["post-78222","post","type-post","status-publish","format-standard","has-post-thumbnail","hentry","category-destacadas","category-especysociales","tag-piti-fernandez"],"aioseo_notices":[],"views":27,"jetpack_publicize_connections":[],"jetpack_featured_media_url":"https:\/\/i0.wp.com\/elterritorialweb.com.ar\/web\/wp-content\/uploads\/2025\/08\/IMG-20250822-WA0049.jpg?fit=1600%2C1066&ssl=1","jetpack_sharing_enabled":true,"_links":{"self":[{"href":"https:\/\/elterritorialweb.com.ar\/web\/wp-json\/wp\/v2\/posts\/78222","targetHints":{"allow":["GET"]}}],"collection":[{"href":"https:\/\/elterritorialweb.com.ar\/web\/wp-json\/wp\/v2\/posts"}],"about":[{"href":"https:\/\/elterritorialweb.com.ar\/web\/wp-json\/wp\/v2\/types\/post"}],"author":[{"embeddable":true,"href":"https:\/\/elterritorialweb.com.ar\/web\/wp-json\/wp\/v2\/users\/2"}],"replies":[{"embeddable":true,"href":"https:\/\/elterritorialweb.com.ar\/web\/wp-json\/wp\/v2\/comments?post=78222"}],"version-history":[{"count":1,"href":"https:\/\/elterritorialweb.com.ar\/web\/wp-json\/wp\/v2\/posts\/78222\/revisions"}],"predecessor-version":[{"id":78224,"href":"https:\/\/elterritorialweb.com.ar\/web\/wp-json\/wp\/v2\/posts\/78222\/revisions\/78224"}],"wp:featuredmedia":[{"embeddable":true,"href":"https:\/\/elterritorialweb.com.ar\/web\/wp-json\/wp\/v2\/media\/78223"}],"wp:attachment":[{"href":"https:\/\/elterritorialweb.com.ar\/web\/wp-json\/wp\/v2\/media?parent=78222"}],"wp:term":[{"taxonomy":"category","embeddable":true,"href":"https:\/\/elterritorialweb.com.ar\/web\/wp-json\/wp\/v2\/categories?post=78222"},{"taxonomy":"post_tag","embeddable":true,"href":"https:\/\/elterritorialweb.com.ar\/web\/wp-json\/wp\/v2\/tags?post=78222"}],"curies":[{"name":"wp","href":"https:\/\/api.w.org\/{rel}","templated":true}]}}