{"id":78225,"date":"2025-08-23T20:01:29","date_gmt":"2025-08-23T20:01:29","guid":{"rendered":"https:\/\/elterritorialweb.com.ar\/web\/?p=78225"},"modified":"2025-08-23T20:01:32","modified_gmt":"2025-08-23T20:01:32","slug":"inauguraron-un-nuevo-puesto-sanitario-en-tres-chanares","status":"publish","type":"post","link":"https:\/\/elterritorialweb.com.ar\/web\/inauguraron-un-nuevo-puesto-sanitario-en-tres-chanares\/","title":{"rendered":"INAUGURARON UN NUEVO PUESTO SANITARIO EN TRES CHA\u00d1ARES"},"content":{"rendered":"\n<p>La ministra de Salud de la provincia, <strong>Natividad Nassif, <\/strong>en representaci\u00f3n del gobernador <strong>Gerardo Zamora,<\/strong> encabez\u00f3 este viernes por la ma\u00f1ana la inauguraci\u00f3n de un <strong>nuevo puesto sanitario en la localidad de Tres Cha\u00f1ares, departamento Figueroa. <\/strong><\/p>\n\n\n\n<p>El flamante centro de salud, dependiente del Hospital Distrital de La Ca\u00f1ada, cuenta con farmacia, dos consultorios externos, enfermer\u00eda, cocina y sanitarios completamente equipados, con el objetivo de brindar asistencia m\u00e9dica a los pobladores de Tres Cha\u00f1ares, Remansito, Maderas, Puesto Viejo, La Tapa, La Esperanza y El Salvador.<\/p>\n\n\n\n<p>Durante el acto, Nassif estuvo acompa\u00f1ada por la directora del Interior, Graciela Alzogaray; la diputada nacional Nilda Moyano; el comisionado municipal de La Ca\u00f1ada, Cristian Abiakel; el director del Hospital Distrital, Santiago \u00c1balos Mussi, y las encargadas del Puesto Sanitario de Tres Cha\u00f1ares, Andrea Com\u00e1n, Sonia Gerez y Marta Ruiz. Tambi\u00e9n se sumaron representantes de instituciones educativas y vecinos de la comunidad.<\/p>\n\n\n\n<figure class=\"wp-block-image size-large\"><a href=\"https:\/\/i0.wp.com\/elterritorialweb.com.ar\/web\/wp-content\/uploads\/2025\/08\/IMG-20250823-WA0042.jpg\"><img data-recalc-dims=\"1\" decoding=\"async\" width=\"640\" height=\"445\" data-src=\"https:\/\/i0.wp.com\/elterritorialweb.com.ar\/web\/wp-content\/uploads\/2025\/08\/IMG-20250823-WA0042.jpg?resize=640%2C445\" alt=\"\" class=\"wp-image-78228 lazyload\" data-srcset=\"https:\/\/i0.wp.com\/elterritorialweb.com.ar\/web\/wp-content\/uploads\/2025\/08\/IMG-20250823-WA0042.jpg?resize=1024%2C712&amp;ssl=1 1024w, https:\/\/i0.wp.com\/elterritorialweb.com.ar\/web\/wp-content\/uploads\/2025\/08\/IMG-20250823-WA0042.jpg?resize=300%2C208&amp;ssl=1 300w, https:\/\/i0.wp.com\/elterritorialweb.com.ar\/web\/wp-content\/uploads\/2025\/08\/IMG-20250823-WA0042.jpg?resize=768%2C534&amp;ssl=1 768w, https:\/\/i0.wp.com\/elterritorialweb.com.ar\/web\/wp-content\/uploads\/2025\/08\/IMG-20250823-WA0042.jpg?resize=1536%2C1067&amp;ssl=1 1536w, https:\/\/i0.wp.com\/elterritorialweb.com.ar\/web\/wp-content\/uploads\/2025\/08\/IMG-20250823-WA0042.jpg?resize=2048%2C1423&amp;ssl=1 2048w, https:\/\/i0.wp.com\/elterritorialweb.com.ar\/web\/wp-content\/uploads\/2025\/08\/IMG-20250823-WA0042.jpg?w=1280 1280w, https:\/\/i0.wp.com\/elterritorialweb.com.ar\/web\/wp-content\/uploads\/2025\/08\/IMG-20250823-WA0042.jpg?w=1920 1920w\" data-sizes=\"(max-width: 640px) 100vw, 640px\" src=\"data:image\/svg+xml;base64,PHN2ZyB3aWR0aD0iMSIgaGVpZ2h0PSIxIiB4bWxucz0iaHR0cDovL3d3dy53My5vcmcvMjAwMC9zdmciPjwvc3ZnPg==\" style=\"--smush-placeholder-width: 640px; --smush-placeholder-aspect-ratio: 640\/445;\" \/><\/a><\/figure>\n\n\n\n<p>Al hacer uso de la palabra, la ministra resalt\u00f3: \u201cHoy es un d\u00eda de orgullo, de alegr\u00eda y de mayor compromiso con las familias; este puesto sanitario es un viejo anhelo de ustedes, pobladores de la zona, pero tambi\u00e9n nuestro como Ministerio de Salud, porque una de las premisas que nos marc\u00f3 el gobernador es hacer accesible la salud a todas las familias que residen en la ruralidad y que esa accesibilidad sea de calidad\u201d.<\/p>\n\n\n\n<p>Asimismo, inst\u00f3 a los vecinos a colaborar en el cuidado de las instalaciones y destac\u00f3 el esfuerzo del Estado provincial en materia de infraestructura, equipamiento y recursos humanos: \u201cEstamos dispuestos a seguir invirtiendo en toda la ruralidad de Santiago del Estero para brindar m\u00e1s accesibilidad con calidad y esa es la forma de tener equidad\u201d.<\/p>\n\n\n\n<p>Por su parte, el director del Hospital Distrital de La Ca\u00f1ada, Santiago \u00c1balos Mussi, subray\u00f3 la trascendencia de contar con un puesto sanitario totalmente nuevo y con una ambulancia: \u201cEsto es una obra m\u00e1s que el gobernador Zamora acerca a la gente del interior, defendiendo la salud p\u00fablica, gratuita y dando un paso m\u00e1s en la obra p\u00fablica\u201d, enfatiz\u00f3.<\/p>\n\n\n\n<figure class=\"wp-block-image size-large\"><a href=\"https:\/\/i0.wp.com\/elterritorialweb.com.ar\/web\/wp-content\/uploads\/2025\/08\/IMG-20250823-WA0041.jpg\"><img data-recalc-dims=\"1\" decoding=\"async\" width=\"640\" height=\"426\" data-src=\"https:\/\/i0.wp.com\/elterritorialweb.com.ar\/web\/wp-content\/uploads\/2025\/08\/IMG-20250823-WA0041.jpg?resize=640%2C426\" alt=\"\" class=\"wp-image-78227 lazyload\" data-srcset=\"https:\/\/i0.wp.com\/elterritorialweb.com.ar\/web\/wp-content\/uploads\/2025\/08\/IMG-20250823-WA0041.jpg?resize=1024%2C682&amp;ssl=1 1024w, https:\/\/i0.wp.com\/elterritorialweb.com.ar\/web\/wp-content\/uploads\/2025\/08\/IMG-20250823-WA0041.jpg?resize=300%2C200&amp;ssl=1 300w, https:\/\/i0.wp.com\/elterritorialweb.com.ar\/web\/wp-content\/uploads\/2025\/08\/IMG-20250823-WA0041.jpg?resize=768%2C512&amp;ssl=1 768w, https:\/\/i0.wp.com\/elterritorialweb.com.ar\/web\/wp-content\/uploads\/2025\/08\/IMG-20250823-WA0041.jpg?resize=1536%2C1024&amp;ssl=1 1536w, https:\/\/i0.wp.com\/elterritorialweb.com.ar\/web\/wp-content\/uploads\/2025\/08\/IMG-20250823-WA0041.jpg?resize=2048%2C1365&amp;ssl=1 2048w, https:\/\/i0.wp.com\/elterritorialweb.com.ar\/web\/wp-content\/uploads\/2025\/08\/IMG-20250823-WA0041.jpg?w=1280 1280w, https:\/\/i0.wp.com\/elterritorialweb.com.ar\/web\/wp-content\/uploads\/2025\/08\/IMG-20250823-WA0041.jpg?w=1920 1920w\" data-sizes=\"(max-width: 640px) 100vw, 640px\" src=\"data:image\/svg+xml;base64,PHN2ZyB3aWR0aD0iMSIgaGVpZ2h0PSIxIiB4bWxucz0iaHR0cDovL3d3dy53My5vcmcvMjAwMC9zdmciPjwvc3ZnPg==\" style=\"--smush-placeholder-width: 640px; --smush-placeholder-aspect-ratio: 640\/426;\" \/><\/a><\/figure>\n","protected":false},"excerpt":{"rendered":"<p>En la ocasi\u00f3n, tambi\u00e9n entreg\u00f3 una ambulancia 0 km destinada a reforzar la atenci\u00f3n en la zona.<\/p>\n","protected":false},"author":2,"featured_media":78226,"comment_status":"open","ping_status":"open","sticky":false,"template":"","format":"standard","meta":{"om_disable_all_campaigns":false,"_monsterinsights_skip_tracking":false,"_monsterinsights_sitenote_active":false,"_monsterinsights_sitenote_note":"","_monsterinsights_sitenote_category":0,"_uf_show_specific_survey":0,"_uf_disable_surveys":false,"jetpack_post_was_ever_published":false,"_jetpack_newsletter_access":"","_jetpack_dont_email_post_to_subs":false,"_jetpack_newsletter_tier_id":0,"_jetpack_memberships_contains_paywalled_content":false,"_jetpack_memberships_contains_paid_content":false,"footnotes":"","jetpack_publicize_message":"","jetpack_publicize_feature_enabled":true,"jetpack_social_post_already_shared":true,"jetpack_social_options":{"image_generator_settings":{"template":"highway","default_image_id":0,"font":"","enabled":false},"version":2}},"categories":[1],"tags":[],"class_list":["post-78225","post","type-post","status-publish","format-standard","has-post-thumbnail","hentry","category-sin-categoria"],"aioseo_notices":[],"views":15,"jetpack_publicize_connections":[],"jetpack_featured_media_url":"https:\/\/i0.wp.com\/elterritorialweb.com.ar\/web\/wp-content\/uploads\/2025\/08\/IMG-20250823-WA0044-scaled.jpg?fit=2560%2C1180&ssl=1","jetpack_sharing_enabled":true,"_links":{"self":[{"href":"https:\/\/elterritorialweb.com.ar\/web\/wp-json\/wp\/v2\/posts\/78225","targetHints":{"allow":["GET"]}}],"collection":[{"href":"https:\/\/elterritorialweb.com.ar\/web\/wp-json\/wp\/v2\/posts"}],"about":[{"href":"https:\/\/elterritorialweb.com.ar\/web\/wp-json\/wp\/v2\/types\/post"}],"author":[{"embeddable":true,"href":"https:\/\/elterritorialweb.com.ar\/web\/wp-json\/wp\/v2\/users\/2"}],"replies":[{"embeddable":true,"href":"https:\/\/elterritorialweb.com.ar\/web\/wp-json\/wp\/v2\/comments?post=78225"}],"version-history":[{"count":1,"href":"https:\/\/elterritorialweb.com.ar\/web\/wp-json\/wp\/v2\/posts\/78225\/revisions"}],"predecessor-version":[{"id":78229,"href":"https:\/\/elterritorialweb.com.ar\/web\/wp-json\/wp\/v2\/posts\/78225\/revisions\/78229"}],"wp:featuredmedia":[{"embeddable":true,"href":"https:\/\/elterritorialweb.com.ar\/web\/wp-json\/wp\/v2\/media\/78226"}],"wp:attachment":[{"href":"https:\/\/elterritorialweb.com.ar\/web\/wp-json\/wp\/v2\/media?parent=78225"}],"wp:term":[{"taxonomy":"category","embeddable":true,"href":"https:\/\/elterritorialweb.com.ar\/web\/wp-json\/wp\/v2\/categories?post=78225"},{"taxonomy":"post_tag","embeddable":true,"href":"https:\/\/elterritorialweb.com.ar\/web\/wp-json\/wp\/v2\/tags?post=78225"}],"curies":[{"name":"wp","href":"https:\/\/api.w.org\/{rel}","templated":true}]}}