{"id":78246,"date":"2025-08-25T22:28:45","date_gmt":"2025-08-25T22:28:45","guid":{"rendered":"https:\/\/elterritorialweb.com.ar\/web\/?p=78246"},"modified":"2025-08-25T22:31:23","modified_gmt":"2025-08-25T22:31:23","slug":"gonzalo-el-pela-romero-presenta-su-nueva-charla-bastadeamoresdemierda-2025-en-santiago-del-estero","status":"publish","type":"post","link":"https:\/\/elterritorialweb.com.ar\/web\/gonzalo-el-pela-romero-presenta-su-nueva-charla-bastadeamoresdemierda-2025-en-santiago-del-estero\/","title":{"rendered":"GONZALO \u201cEL PELA\u201d ROMERO PRESENTA SU NUEVA CHARLA \u201c#BASTADEAMORESDEMIERDA 2025\u201d EN SANTIAGO DEL ESTERO"},"content":{"rendered":"\n<p>Gonzalo Romero, reconocido por su estilo directo y cercano, regresa con una nueva edici\u00f3n de su charla \u201c#BastadeAmoresdeMierda 2025\u201d, un espacio pensado para reflexionar sobre las relaciones t\u00f3xicas y c\u00f3mo enfrentarlas.<\/p>\n\n\n\n<p>Con m\u00e1s de 500.000 libros vendidos y 100.000 espectadores que ya disfrutaron de su propuesta en Argentina, Latinoam\u00e9rica y Espa\u00f1a, \u201cEl Pela\u201d vuelve con un formato renovado: un ida y vuelta en vivo con su p\u00fablico, en un encuentro que combina humor, emoci\u00f3n y profundidad.<\/p>\n\n\n\n<p>Durante el evento, Romero abordar\u00e1 con su estilo ameno y descontracturado las claves para detectar, evitar o salir de v\u00ednculos da\u00f1inos, problem\u00e1ticas que atraviesan a miles de personas en la vida cotidiana.<\/p>\n\n\n\n<p>Las entradas ya se encuentran disponibles a trav\u00e9s de Norteticket.com y en la boleter\u00eda del Teatro 25 de Mayo.<\/p>\n\n\n\n<p>Un espect\u00e1culo que promete ser tan movilizador como entretenido, reafirmando el fen\u00f3meno cultural que \u201cEl Pela\u201d Romero viene construyendo en los \u00faltimos a\u00f1os.<\/p>\n","protected":false},"excerpt":{"rendered":"<p>La cita ser\u00e1 el domingo 31 de agosto a las 20 horas en el Paraninfo de la Universidad Nacional de Santiago del Estero (UNSE). <\/p>\n","protected":false},"author":2,"featured_media":78247,"comment_status":"open","ping_status":"open","sticky":false,"template":"","format":"standard","meta":{"om_disable_all_campaigns":false,"_monsterinsights_skip_tracking":false,"_monsterinsights_sitenote_active":false,"_monsterinsights_sitenote_note":"","_monsterinsights_sitenote_category":0,"_uf_show_specific_survey":0,"_uf_disable_surveys":false,"jetpack_post_was_ever_published":false,"_jetpack_newsletter_access":"","_jetpack_dont_email_post_to_subs":false,"_jetpack_newsletter_tier_id":0,"_jetpack_memberships_contains_paywalled_content":false,"_jetpack_memberships_contains_paid_content":false,"footnotes":"","jetpack_publicize_message":"","jetpack_publicize_feature_enabled":true,"jetpack_social_post_already_shared":true,"jetpack_social_options":{"image_generator_settings":{"template":"highway","default_image_id":0,"font":"","enabled":false},"version":2}},"categories":[4,20],"tags":[],"class_list":["post-78246","post","type-post","status-publish","format-standard","has-post-thumbnail","hentry","category-destacadas","category-especysociales"],"aioseo_notices":[],"views":19,"jetpack_publicize_connections":[],"jetpack_featured_media_url":"https:\/\/i0.wp.com\/elterritorialweb.com.ar\/web\/wp-content\/uploads\/2025\/08\/Screenshot_20250825_183415_Gallery.jpg?fit=1080%2C805&ssl=1","jetpack_sharing_enabled":true,"_links":{"self":[{"href":"https:\/\/elterritorialweb.com.ar\/web\/wp-json\/wp\/v2\/posts\/78246","targetHints":{"allow":["GET"]}}],"collection":[{"href":"https:\/\/elterritorialweb.com.ar\/web\/wp-json\/wp\/v2\/posts"}],"about":[{"href":"https:\/\/elterritorialweb.com.ar\/web\/wp-json\/wp\/v2\/types\/post"}],"author":[{"embeddable":true,"href":"https:\/\/elterritorialweb.com.ar\/web\/wp-json\/wp\/v2\/users\/2"}],"replies":[{"embeddable":true,"href":"https:\/\/elterritorialweb.com.ar\/web\/wp-json\/wp\/v2\/comments?post=78246"}],"version-history":[{"count":2,"href":"https:\/\/elterritorialweb.com.ar\/web\/wp-json\/wp\/v2\/posts\/78246\/revisions"}],"predecessor-version":[{"id":78249,"href":"https:\/\/elterritorialweb.com.ar\/web\/wp-json\/wp\/v2\/posts\/78246\/revisions\/78249"}],"wp:featuredmedia":[{"embeddable":true,"href":"https:\/\/elterritorialweb.com.ar\/web\/wp-json\/wp\/v2\/media\/78247"}],"wp:attachment":[{"href":"https:\/\/elterritorialweb.com.ar\/web\/wp-json\/wp\/v2\/media?parent=78246"}],"wp:term":[{"taxonomy":"category","embeddable":true,"href":"https:\/\/elterritorialweb.com.ar\/web\/wp-json\/wp\/v2\/categories?post=78246"},{"taxonomy":"post_tag","embeddable":true,"href":"https:\/\/elterritorialweb.com.ar\/web\/wp-json\/wp\/v2\/tags?post=78246"}],"curies":[{"name":"wp","href":"https:\/\/api.w.org\/{rel}","templated":true}]}}