{"id":78438,"date":"2025-09-01T17:37:09","date_gmt":"2025-09-01T17:37:09","guid":{"rendered":"https:\/\/elterritorialweb.com.ar\/web\/?p=78438"},"modified":"2025-09-01T17:37:12","modified_gmt":"2025-09-01T17:37:12","slug":"julio-rodriguez-presenta-en-la-banda-su-obra-santiaguenos-y-el-tango","status":"publish","type":"post","link":"https:\/\/elterritorialweb.com.ar\/web\/julio-rodriguez-presenta-en-la-banda-su-obra-santiaguenos-y-el-tango\/","title":{"rendered":"JULIO RODR\u00cdGUEZ PRESENTA EN LA BANDA SU OBRA \u201cSANTIAGUE\u00d1OS Y EL TANGO\u201d"},"content":{"rendered":"\n<p>Con entrada libre y gratuita, la disertaci\u00f3n abordar\u00e1 la relaci\u00f3n de Santiago del Estero con el tango en todas sus dimensiones: desde la m\u00fasica, las letras y la danza, hasta sus or\u00edgenes y su vigencia actual en el territorio.<\/p>\n\n\n\n<p>La presentaci\u00f3n en La Banda se realiza luego de la exitosa exposici\u00f3n del pasado viernes en ciudad Capital, en la sala anexa del Paraninfo de la UNSE, donde particip\u00f3 la cantante Sol Murad. En esta ocasi\u00f3n, el encuentro contar\u00e1 con la participaci\u00f3n del cantante Facundo Dom\u00ednguez y, en la danza, de Luis Figueroa y Gisele Ju\u00e1rez.<\/p>\n\n\n\n<p><strong>UNA VIDA DEDICADA A LA CULTURA<\/strong><\/p>\n\n\n\n<p>Julio Ledesma Rodr\u00edguez, nacido en Atamisqui en 1943, es una figura fundamental de la cultura popular argentina. Escritor, int\u00e9rprete y difusor del quichua y el criollismo, es autor de libros como Fil\u00f3sofos Criollos y la obra en tres tomos Memorias folcl\u00f3ricas santiague\u00f1as.<\/p>\n\n\n\n<p>En el plano art\u00edstico, compuso obras como Chacarera para un sentir y De la Telera, esta \u00faltima junto a Leo Dan. Fue creador del programa radial El Alma de Buenos Aires, con el que obtuvo el Gardel de Oro en 1985, y cofundador de instituciones culturales como el Alero Quichua Santiague\u00f1o, la Pe\u00f1a Folcl\u00f3rica \u201cPatria y Tradici\u00f3n\u201d y la Biblioteca Almirante Brown.<\/p>\n\n\n\n<p>A sus 82 a\u00f1os, Rodr\u00edguez mantiene una vigencia intacta, consolid\u00e1ndose como referente indiscutido de la cultura popular, la tradici\u00f3n quichua y la identidad santiague\u00f1a.<\/p>\n\n\n\n<p><\/p>\n","protected":false},"excerpt":{"rendered":"<p>Este lunes 1 de septiembre, en el Atelier Cultural de la ciudad de La Banda, el reconocido escritor, compositor y folclor\u00f3logo santiague\u00f1o Julio Rodr\u00edguez presentar\u00e1 su obra \u201cSantiague\u00f1os y el tango\u201d, un trabajo que explora los profundos v\u00ednculos de la provincia con el g\u00e9nero porte\u00f1o.<\/p>\n","protected":false},"author":2,"featured_media":78439,"comment_status":"open","ping_status":"open","sticky":false,"template":"","format":"standard","meta":{"om_disable_all_campaigns":false,"_monsterinsights_skip_tracking":false,"_monsterinsights_sitenote_active":false,"_monsterinsights_sitenote_note":"","_monsterinsights_sitenote_category":0,"_uf_show_specific_survey":0,"_uf_disable_surveys":false,"jetpack_post_was_ever_published":false,"_jetpack_newsletter_access":"","_jetpack_dont_email_post_to_subs":false,"_jetpack_newsletter_tier_id":0,"_jetpack_memberships_contains_paywalled_content":false,"_jetpack_memberships_contains_paid_content":false,"footnotes":"","jetpack_publicize_message":"","jetpack_publicize_feature_enabled":true,"jetpack_social_post_already_shared":true,"jetpack_social_options":{"image_generator_settings":{"template":"highway","default_image_id":0,"font":"","enabled":false},"version":2}},"categories":[4,20],"tags":[],"class_list":["post-78438","post","type-post","status-publish","format-standard","has-post-thumbnail","hentry","category-destacadas","category-especysociales"],"aioseo_notices":[],"views":33,"jetpack_publicize_connections":[],"jetpack_featured_media_url":"https:\/\/i0.wp.com\/elterritorialweb.com.ar\/web\/wp-content\/uploads\/2025\/09\/IMG-20250901-WA0017.jpg?fit=1280%2C720&ssl=1","jetpack_sharing_enabled":true,"_links":{"self":[{"href":"https:\/\/elterritorialweb.com.ar\/web\/wp-json\/wp\/v2\/posts\/78438","targetHints":{"allow":["GET"]}}],"collection":[{"href":"https:\/\/elterritorialweb.com.ar\/web\/wp-json\/wp\/v2\/posts"}],"about":[{"href":"https:\/\/elterritorialweb.com.ar\/web\/wp-json\/wp\/v2\/types\/post"}],"author":[{"embeddable":true,"href":"https:\/\/elterritorialweb.com.ar\/web\/wp-json\/wp\/v2\/users\/2"}],"replies":[{"embeddable":true,"href":"https:\/\/elterritorialweb.com.ar\/web\/wp-json\/wp\/v2\/comments?post=78438"}],"version-history":[{"count":1,"href":"https:\/\/elterritorialweb.com.ar\/web\/wp-json\/wp\/v2\/posts\/78438\/revisions"}],"predecessor-version":[{"id":78440,"href":"https:\/\/elterritorialweb.com.ar\/web\/wp-json\/wp\/v2\/posts\/78438\/revisions\/78440"}],"wp:featuredmedia":[{"embeddable":true,"href":"https:\/\/elterritorialweb.com.ar\/web\/wp-json\/wp\/v2\/media\/78439"}],"wp:attachment":[{"href":"https:\/\/elterritorialweb.com.ar\/web\/wp-json\/wp\/v2\/media?parent=78438"}],"wp:term":[{"taxonomy":"category","embeddable":true,"href":"https:\/\/elterritorialweb.com.ar\/web\/wp-json\/wp\/v2\/categories?post=78438"},{"taxonomy":"post_tag","embeddable":true,"href":"https:\/\/elterritorialweb.com.ar\/web\/wp-json\/wp\/v2\/tags?post=78438"}],"curies":[{"name":"wp","href":"https:\/\/api.w.org\/{rel}","templated":true}]}}